{"id":10106,"date":"2023-08-31T10:16:07","date_gmt":"2023-08-31T08:16:07","guid":{"rendered":"https:\/\/www.paxchristi.at\/?p=10106"},"modified":"2023-08-31T10:16:07","modified_gmt":"2023-08-31T08:16:07","slug":"bike4peace-pax-christi-friedensfahrt-vom-brenner-nach-trient","status":"publish","type":"post","link":"https:\/\/www.paxchristi.at\/?p=10106","title":{"rendered":"Bike4Peace: Pax Christi Friedensfahrt vom Brenner nach Trient"},"content":{"rendered":"<p><strong><a href=\"https:\/\/www.paxchristi.at\/wp-content\/uploads\/2023\/04\/bike4peace-logo.jpg\"><img decoding=\"async\" loading=\"lazy\" class=\"size-full wp-image-10022 alignright\" src=\"https:\/\/www.paxchristi.at\/wp-content\/uploads\/2023\/04\/bike4peace-logo.jpg\" alt=\"\" width=\"238\" height=\"152\" \/><\/a>Bike4Peace: Pax Christi Friedensfahrt vom Brenner nach Trient<\/strong><\/p>\n<p>Pax Christi \u00d6sterreich und Pax Christi Italien organisieren von 1. bis 3. September<br \/>\n2023 eine dreit\u00e4gige Friedensfahrt am Radweg von der Brennergrenze \u00fcber Brixen<br \/>\nund Bozen bis Trient. Rund 40 Personen werden auf dieser Strecke mit ihren R\u00e4dern<br \/>\nunterwegs sein. Pax Christi ist die internationale Friedensbewegung der katholischen<br \/>\nKirche, die unter anderem in \u00d6sterreich \u00f6kumenisch gelebt wird.<br \/>\n<!--more--><br \/>\nDer Zeitpunkt der Friedensradfahrt ist bewusst gew\u00e4hlt. Der 1. September gilt<br \/>\ninternational als Anti-Kriegstag mit der Botschaft: \u201eNie wieder Krieg!\u201c Angesichts der<br \/>\nfortdauernden Kriegshandlungen in der Ukraine und in vielen anderen Teilen der Welt<br \/>\nsowie angesichts der milit\u00e4rischen Aufr\u00fcstung und aggressiver Milit\u00e4rb\u00fcndnisse<br \/>\nbraucht es die klaren Botschaften der Kirchen und Religionsgemeinschaften auf der<br \/>\nGrundlage der j\u00fcdisch-christlich-islamischen Wurzeln: Gott ist Schalom-Friede[1]Salam. Der Weg zum Frieden f\u00fchrt nur \u00fcber Gewaltverzicht und Vers\u00f6hnung. Am 1.<br \/>\nSeptember beginnen die christlichen Kirchen auch den Sch\u00f6pfungsmonat, der bis<br \/>\nzum Gedenktag des Hl. Franz von Assisi dauern wird. Frieden mit der Sch\u00f6pfung und<br \/>\nFrieden unter den Menschen sind untrennbar miteinander verbunden. Die Fahrt<br \/>\nentlang des Eisacks und der Etsch wird uns daran erinnern, welche Gefahren mit der<br \/>\nzunehmenden Erhitzung der Erde aufgrund der ver\u00e4nderten klimatischen<br \/>\nBedingungen verkn\u00fcpft sind.<\/p>\n<p>Die Orte der Friedensfahrt sind bewusst gew\u00e4hlt. Der Brenner erinnert an eine<br \/>\nGrenze, die als Folge von Kriegen \u00fcber Jahrzehnte willk\u00fcrlich Menschen<br \/>\nvoneinander trennte. Zugleich kann dieser Ort auch ein Lehrbeispiel sein, wie auf<br \/>\ndiplomatischem Weg und \u00fcber Friedensverhandlungen die Selbstbestimmungsrechte<br \/>\nvon V\u00f6lkern und Sprachgruppen gelebt werden k\u00f6nnten. Das zweite Autonomiestatut<br \/>\nf\u00fcr S\u00fcdtirol ist 50 Jahre alt und w\u00fcrde als exemplarisches Modell f\u00fcr die L\u00f6sung von<br \/>\nvielen kriegerischen Konflikten auf der Welt \u2013 vom Donbass \u00fcber die Krim und<br \/>\nPal\u00e4stina bis nach Tibet dienen k\u00f6nnen. In Brixen, Klausen, Bozen, Kurtatsch und<br \/>\nTrient werden wir die Impulse von Menschen aufnehmen, die mit dieser Gegend<br \/>\nverkn\u00fcpft sind: Das Wirken von Alexander Langer kann als Inspiration f\u00fcr eine Politik<br \/>\ndienen, die Mehrsprachigkeit und ethnische Vielfalt als Chance begreift. Die<br \/>\nErinnerung an den Missionar Luis Lintner wird uns einmal mehr die Notwendigkeit<br \/>\neines befreiungstheologischen und politischen Blicks auf die Weltkirche aufzeigen. In<br \/>\nKlausen wird der Blick in die fr\u00fche Reformationszeit uns f\u00fcr die pazifistische Tradition<br \/>\nder Kirchen sensibilisieren, wenn wir an Jakob und Katharina Hutter denken. Der<br \/>\nselige Kriegsdienstverweigerer Josef Mayr-Nusser zeigt uns, dass die Worte von<br \/>\nIngeborg Bachmann, die als Mahnung heute auf einem Denkmal in Bozen stehen,<br \/>\n\u201ees gibt nicht das Recht zu gehorchen!\u201c, nie ihre G\u00fcltigkeit verlieren d\u00fcrfen. Die<br \/>\nKatakombenschule-Lehrerin Angela Nikoletti aus Kurtatsch soll in uns den<br \/>\nwiderst\u00e4ndischen Geist gegen ungerechte Bevormundung wachhalten. In einer Zeit,<br \/>\nin der postfaschistische Politik Frieden und Gerechtigkeit gef\u00e4hrden, braucht es<br \/>\nsolche Ermutigungen. Der rote Faden w\u00e4hrend der Friedensfahrt von Pax Christi<br \/>\nsollen die friedensethischen Impulse sein, die vor 60 Jahren Papst Johannes XXIII. in<br \/>\nseiner Enzyklika \u201ePacem in terris\u201c ausformuliert hatte. Wir stehen heute, noch mehr<br \/>\nals 1963, vor der Gefahr einer atomaren Auseinandersetzung. Heute wird wieder mit<br \/>\nBlick auf den Angriffskrieg des russischen Regimes mit dem Konzept des Gerechten<br \/>\nKrieges argumentiert, das der Papst vor 60 Jahren durch das Paradigma des<br \/>\n\u201egerechten Friedens\u201c ersetzt hatte, indem er statt Aufr\u00fcstung supranationale<br \/>\nZusammenarbeit und Friedensbildung propagierte.<\/p>\n<p>Dr. Klaus Heidegger, 29.8.2023<\/p>\n","protected":false},"excerpt":{"rendered":"<p>Bike4Peace: Pax Christi Friedensfahrt vom Brenner nach Trient Pax Christi \u00d6sterreich und Pax Christi Italien organisieren von 1. bis 3. September 2023 eine dreit\u00e4gige Friedensfahrt am Radweg von der Brennergrenze \u00fcber Brixen und Bozen bis Trient. Rund 40 Personen werden auf dieser Strecke mit ihren R\u00e4dern unterwegs sein. Pax Christi ist die internationale Friedensbewegung der &hellip; <\/p>\n<p class=\"link-more\"><a href=\"https:\/\/www.paxchristi.at\/?p=10106\" class=\"more-link\"><span class=\"screen-reader-text\">\u201eBike4Peace: Pax Christi Friedensfahrt vom Brenner nach Trient\u201c<\/span> weiterlesen<\/a><\/p>\n","protected":false},"author":1,"featured_media":0,"comment_status":"closed","ping_status":"closed","sticky":true,"template":"","format":"standard","meta":{"footnotes":""},"categories":[],"tags":[],"_links":{"self":[{"href":"https:\/\/www.paxchristi.at\/index.php?rest_route=\/wp\/v2\/posts\/10106"}],"collection":[{"href":"https:\/\/www.paxchristi.at\/index.php?rest_route=\/wp\/v2\/posts"}],"about":[{"href":"https:\/\/www.paxchristi.at\/index.php?rest_route=\/wp\/v2\/types\/post"}],"author":[{"embeddable":true,"href":"https:\/\/www.paxchristi.at\/index.php?rest_route=\/wp\/v2\/users\/1"}],"replies":[{"embeddable":true,"href":"https:\/\/www.paxchristi.at\/index.php?rest_route=%2Fwp%2Fv2%2Fcomments&post=10106"}],"version-history":[{"count":1,"href":"https:\/\/www.paxchristi.at\/index.php?rest_route=\/wp\/v2\/posts\/10106\/revisions"}],"predecessor-version":[{"id":10107,"href":"https:\/\/www.paxchristi.at\/index.php?rest_route=\/wp\/v2\/posts\/10106\/revisions\/10107"}],"wp:attachment":[{"href":"https:\/\/www.paxchristi.at\/index.php?rest_route=%2Fwp%2Fv2%2Fmedia&parent=10106"}],"wp:term":[{"taxonomy":"category","embeddable":true,"href":"https:\/\/www.paxchristi.at\/index.php?rest_route=%2Fwp%2Fv2%2Fcategories&post=10106"},{"taxonomy":"post_tag","embeddable":true,"href":"https:\/\/www.paxchristi.at\/index.php?rest_route=%2Fwp%2Fv2%2Ftags&post=10106"}],"curies":[{"name":"wp","href":"https:\/\/api.w.org\/{rel}","templated":true}]}}