{"id":10239,"date":"2023-12-14T17:11:51","date_gmt":"2023-12-14T16:11:51","guid":{"rendered":"https:\/\/www.paxchristi.at\/?p=10239"},"modified":"2023-12-14T17:11:51","modified_gmt":"2023-12-14T16:11:51","slug":"bericht-vom-praesidium-2023-von-pax-christi-oesterreich","status":"publish","type":"post","link":"https:\/\/www.paxchristi.at\/?p=10239","title":{"rendered":"Bericht vom Pr\u00e4sidium 2023 von Pax Christi \u00d6sterreich"},"content":{"rendered":"<p><strong><a href=\"https:\/\/www.paxchristi.at\/wp-content\/uploads\/2023\/12\/IMG-20231006-WA0006.jpg\"><img decoding=\"async\" loading=\"lazy\" class=\"size-medium wp-image-10240 alignright\" src=\"https:\/\/www.paxchristi.at\/wp-content\/uploads\/2023\/12\/IMG-20231006-WA0006-300x169.jpg\" alt=\"\" width=\"300\" height=\"169\" srcset=\"https:\/\/www.paxchristi.at\/wp-content\/uploads\/2023\/12\/IMG-20231006-WA0006-300x169.jpg 300w, https:\/\/www.paxchristi.at\/wp-content\/uploads\/2023\/12\/IMG-20231006-WA0006-1024x576.jpg 1024w, https:\/\/www.paxchristi.at\/wp-content\/uploads\/2023\/12\/IMG-20231006-WA0006-768x432.jpg 768w, https:\/\/www.paxchristi.at\/wp-content\/uploads\/2023\/12\/IMG-20231006-WA0006-1536x864.jpg 1536w, https:\/\/www.paxchristi.at\/wp-content\/uploads\/2023\/12\/IMG-20231006-WA0006.jpg 2000w\" sizes=\"(max-width: 300px) 100vw, 300px\" \/><\/a>Das diesj\u00e4hrige Pr\u00e4sidiumstreffen von Pax Christi \u00d6sterreich fand am 6. und 7. Oktober in Innsbruck statt &#8211; und damit unmittelbar vor der Eskalation des Nahostkonflikts in Israel und Pal\u00e4stina.<\/strong><br \/>\nAm Freitagabend nahmen die Teilnehmer:innen an der Abschiedsvorlesung und -feier unseres Pr\u00e4sidenten Wolfgang Palaver an der Universit\u00e4t Innsbruck teil. Nach der Vorpremiere des Films &#8222;Ren\u00e9 Girard: Der lange Weg von der Gewalt zur Liebe&#8220; ging Wolfgang Palaver im Vortrag mit dem Titel &#8222;Geschwisterlichkeit angesichts von Geschwisterrivalit\u00e4ten&#8220; n\u00e4her auf die mimetische Theorie Girards ein. Die Theorie liefert unter anderem Antwortversuche auf das &#8222;Warum?&#8220; eskalierender Konflikte und war damit (leider) bereits kurz vor den stattfindenden Geschehnissen in Israel und Pal\u00e4stina hoch aktuell.<br \/>\nIn der Pr\u00e4sidiumssitzung am Samstag folgte dann der n\u00e4chste H\u00f6hepunkt: die Verabschiedung der ehemaligen Vizepr\u00e4sidenten Adalbert Krims und Meinrad Schneckenleithner. Ein gro\u00dfes DANKE f\u00fcr euer langj\u00e4hriges Engagement bei Pax Christi in verschiedenen Funktionen!<a href=\"https:\/\/www.paxchristi.at\/wp-content\/uploads\/2023\/12\/IMG-20231007-WA0015.jpg\"><img decoding=\"async\" loading=\"lazy\" class=\"alignnone size-medium wp-image-10241\" src=\"https:\/\/www.paxchristi.at\/wp-content\/uploads\/2023\/12\/IMG-20231007-WA0015-300x169.jpg\" alt=\"\" width=\"300\" height=\"169\" srcset=\"https:\/\/www.paxchristi.at\/wp-content\/uploads\/2023\/12\/IMG-20231007-WA0015-300x169.jpg 300w, https:\/\/www.paxchristi.at\/wp-content\/uploads\/2023\/12\/IMG-20231007-WA0015-1024x576.jpg 1024w, https:\/\/www.paxchristi.at\/wp-content\/uploads\/2023\/12\/IMG-20231007-WA0015-768x432.jpg 768w, https:\/\/www.paxchristi.at\/wp-content\/uploads\/2023\/12\/IMG-20231007-WA0015-1536x864.jpg 1536w, https:\/\/www.paxchristi.at\/wp-content\/uploads\/2023\/12\/IMG-20231007-WA0015.jpg 2000w\" sizes=\"(max-width: 300px) 100vw, 300px\" \/><\/a><br \/>\nIm Austausch zu aktuellen Entwicklungen und Aktivit\u00e4ten unserer Bewegung lag der Fokus diesmal bei der Entwicklung einer gemeinsamen Position im Umgang mit der Klimakrise und ihrer Verbindung zur Gewaltfreiheit.<\/p>\n","protected":false},"excerpt":{"rendered":"<p>Das diesj\u00e4hrige Pr\u00e4sidiumstreffen von Pax Christi \u00d6sterreich fand am 6. und 7. Oktober in Innsbruck statt &#8211; und damit unmittelbar vor der Eskalation des Nahostkonflikts in Israel und Pal\u00e4stina. Am Freitagabend nahmen die Teilnehmer:innen an der Abschiedsvorlesung und -feier unseres Pr\u00e4sidenten Wolfgang Palaver an der Universit\u00e4t Innsbruck teil. Nach der Vorpremiere des Films &#8222;Ren\u00e9 Girard: &hellip; <\/p>\n<p class=\"link-more\"><a href=\"https:\/\/www.paxchristi.at\/?p=10239\" class=\"more-link\"><span class=\"screen-reader-text\">\u201eBericht vom Pr\u00e4sidium 2023 von Pax Christi \u00d6sterreich\u201c<\/span> weiterlesen<\/a><\/p>\n","protected":false},"author":1,"featured_media":0,"comment_status":"closed","ping_status":"closed","sticky":true,"template":"","format":"standard","meta":{"footnotes":""},"categories":[],"tags":[],"_links":{"self":[{"href":"https:\/\/www.paxchristi.at\/index.php?rest_route=\/wp\/v2\/posts\/10239"}],"collection":[{"href":"https:\/\/www.paxchristi.at\/index.php?rest_route=\/wp\/v2\/posts"}],"about":[{"href":"https:\/\/www.paxchristi.at\/index.php?rest_route=\/wp\/v2\/types\/post"}],"author":[{"embeddable":true,"href":"https:\/\/www.paxchristi.at\/index.php?rest_route=\/wp\/v2\/users\/1"}],"replies":[{"embeddable":true,"href":"https:\/\/www.paxchristi.at\/index.php?rest_route=%2Fwp%2Fv2%2Fcomments&post=10239"}],"version-history":[{"count":1,"href":"https:\/\/www.paxchristi.at\/index.php?rest_route=\/wp\/v2\/posts\/10239\/revisions"}],"predecessor-version":[{"id":10242,"href":"https:\/\/www.paxchristi.at\/index.php?rest_route=\/wp\/v2\/posts\/10239\/revisions\/10242"}],"wp:attachment":[{"href":"https:\/\/www.paxchristi.at\/index.php?rest_route=%2Fwp%2Fv2%2Fmedia&parent=10239"}],"wp:term":[{"taxonomy":"category","embeddable":true,"href":"https:\/\/www.paxchristi.at\/index.php?rest_route=%2Fwp%2Fv2%2Fcategories&post=10239"},{"taxonomy":"post_tag","embeddable":true,"href":"https:\/\/www.paxchristi.at\/index.php?rest_route=%2Fwp%2Fv2%2Ftags&post=10239"}],"curies":[{"name":"wp","href":"https:\/\/api.w.org\/{rel}","templated":true}]}}