{"id":10246,"date":"2023-12-21T15:26:33","date_gmt":"2023-12-21T14:26:33","guid":{"rendered":"https:\/\/www.paxchristi.at\/?p=10246"},"modified":"2023-12-21T15:26:33","modified_gmt":"2023-12-21T14:26:33","slug":"weltfriedenstag-am-1-1-2024-interreligioese-kundgebung-in-innsbruck","status":"publish","type":"post","link":"https:\/\/www.paxchristi.at\/?p=10246","title":{"rendered":"Weltfriedenstag am 1.1.2024: Interreligi\u00f6se Kundgebung in Innsbruck"},"content":{"rendered":"<div class=\"teaser\">\n<div class=\"eztext-field\"><strong>Gemeinsamer Sternweg mit Lichtern zur Annas\u00e4ule am 1. J\u00e4nner 2024<\/strong><\/div>\n<div><\/div>\n<\/div>\n<div class=\"ezxmltext-field\">\n<p>Pax Christi Tirol l\u00e4dt gemeinsam mit Religionsgemeinschaften und weiteren Friedensinitiativen am Sonntag, 1. J\u00e4nner, zu einem Treffen in Innsbruck. Anlass dieser gemeinsamen interreligi\u00f6sen Kundgebung ist der 57. Weltfriedenstag. Dieser wurde von Papst Paul VI. eingef\u00fchrt. Zu diesem Anlass ver\u00f6ffentlicht der Papst j\u00e4hrlich vorab eine Weltfriedensbotschaft, in diesem Jahr behandelt der von Papst Franziskus verfasste Text das Thema \u201eK\u00fcnstliche Intelligenz und Weltfrieden\u201c.<br \/>\n<!--more--><br \/>\nVon mehreren Orten ziehen die Teilnehmenden um 15.30 Uhr mit selbst mitgebrachten Windlichtern zur Annas\u00e4ule. Treffpunkte zum Start sind die Triumphpforte, der Domplatz, das Landesmuseum und der Marktplatz. Um 15.45 Uhr findet eine Interreligi\u00f6se Kundgebung f\u00fcr den Frieden statt. Ihre Teilnahme zugesagt haben u. a. Bischof Hermann Glettler, Superintendent Olivier Dantine, IKG-Pr\u00e4sident G\u00fcnter Lieder, Emre Durukan IFI, B\u00fcrgermeister Georg Willi und Univ.-Prof. Wolfgang Palaver (Pr\u00e4sident von Pax Christi \u00d6sterreich).<\/p>\n<p>Spenden kommen dem Verein &#8222;Hindiba&#8220; in Innsbruck und der Don Bosco-B\u00e4ckerei in Bethlehem (Jugend eine Welt) zugute.<\/p>\n<p>Weiterte Informationen zum Weltfriedenstag 2024: <a class=\"\" href=\"https:\/\/www.vaticannews.va\/de\/papst\/news\/2023-08\/papst-franziskus-botschaft-welt-frieden-kuenstliche-intelligenz.html\" target=\"_blank\" rel=\"noopener\">https:\/\/www.vaticannews.va\/de\/papst\/news\/2023-08\/papst-franziskus-botschaft-welt-frieden-kuenstliche-intelligenz.html<\/a><\/p>\n<\/div>\n","protected":false},"excerpt":{"rendered":"<p>Gemeinsamer Sternweg mit Lichtern zur Annas\u00e4ule am 1. J\u00e4nner 2024 Pax Christi Tirol l\u00e4dt gemeinsam mit Religionsgemeinschaften und weiteren Friedensinitiativen am Sonntag, 1. J\u00e4nner, zu einem Treffen in Innsbruck. Anlass dieser gemeinsamen interreligi\u00f6sen Kundgebung ist der 57. Weltfriedenstag. Dieser wurde von Papst Paul VI. eingef\u00fchrt. Zu diesem Anlass ver\u00f6ffentlicht der Papst j\u00e4hrlich vorab eine Weltfriedensbotschaft, &hellip; <\/p>\n<p class=\"link-more\"><a href=\"https:\/\/www.paxchristi.at\/?p=10246\" class=\"more-link\"><span class=\"screen-reader-text\">\u201eWeltfriedenstag am 1.1.2024: Interreligi\u00f6se Kundgebung in Innsbruck\u201c<\/span> weiterlesen<\/a><\/p>\n","protected":false},"author":1,"featured_media":0,"comment_status":"closed","ping_status":"closed","sticky":true,"template":"","format":"standard","meta":{"footnotes":""},"categories":[],"tags":[],"_links":{"self":[{"href":"https:\/\/www.paxchristi.at\/index.php?rest_route=\/wp\/v2\/posts\/10246"}],"collection":[{"href":"https:\/\/www.paxchristi.at\/index.php?rest_route=\/wp\/v2\/posts"}],"about":[{"href":"https:\/\/www.paxchristi.at\/index.php?rest_route=\/wp\/v2\/types\/post"}],"author":[{"embeddable":true,"href":"https:\/\/www.paxchristi.at\/index.php?rest_route=\/wp\/v2\/users\/1"}],"replies":[{"embeddable":true,"href":"https:\/\/www.paxchristi.at\/index.php?rest_route=%2Fwp%2Fv2%2Fcomments&post=10246"}],"version-history":[{"count":1,"href":"https:\/\/www.paxchristi.at\/index.php?rest_route=\/wp\/v2\/posts\/10246\/revisions"}],"predecessor-version":[{"id":10247,"href":"https:\/\/www.paxchristi.at\/index.php?rest_route=\/wp\/v2\/posts\/10246\/revisions\/10247"}],"wp:attachment":[{"href":"https:\/\/www.paxchristi.at\/index.php?rest_route=%2Fwp%2Fv2%2Fmedia&parent=10246"}],"wp:term":[{"taxonomy":"category","embeddable":true,"href":"https:\/\/www.paxchristi.at\/index.php?rest_route=%2Fwp%2Fv2%2Fcategories&post=10246"},{"taxonomy":"post_tag","embeddable":true,"href":"https:\/\/www.paxchristi.at\/index.php?rest_route=%2Fwp%2Fv2%2Ftags&post=10246"}],"curies":[{"name":"wp","href":"https:\/\/api.w.org\/{rel}","templated":true}]}}