{"id":10306,"date":"2024-03-04T16:45:53","date_gmt":"2024-03-04T15:45:53","guid":{"rendered":"https:\/\/www.paxchristi.at\/?p=10306"},"modified":"2024-03-04T16:50:32","modified_gmt":"2024-03-04T15:50:32","slug":"stellungnahme-von-pax-christi-international-zur-gewalteskalation-in-der-dr-kongo","status":"publish","type":"post","link":"https:\/\/www.paxchristi.at\/?p=10306","title":{"rendered":"Stellungnahme von Pax Christi International zur Gewalteskalation in der DR Kongo"},"content":{"rendered":"<p><strong><a href=\"https:\/\/www.paxchristi.at\/wp-content\/uploads\/2023\/02\/unnamed.png\"><img decoding=\"async\" loading=\"lazy\" class=\"alignright wp-image-9988\" src=\"https:\/\/www.paxchristi.at\/wp-content\/uploads\/2023\/02\/unnamed.png\" alt=\"\" width=\"200\" height=\"127\" srcset=\"https:\/\/www.paxchristi.at\/wp-content\/uploads\/2023\/02\/unnamed.png 355w, https:\/\/www.paxchristi.at\/wp-content\/uploads\/2023\/02\/unnamed-300x190.png 300w\" sizes=\"(max-width: 200px) 100vw, 200px\" \/><\/a>Pax Christi International ist solidarisch mit den Opfern der eskalierenden Gewalt in der Demokratischen Republik Kongo (DRK)<\/strong><\/p>\n<p>Wir erkennen die tiefe Hoffnung der Bev\u00f6lkerung der Demokratischen Republik Kongo auf eine friedliche Existenz an, in der gewaltfreie L\u00f6sungen greifbare Wege in eine gerechte Zukunft bieten. Mit dieser Erkl\u00e4rung bitten wir Sie eindringlich, an dieser Hoffnung auf eine gerechtere und friedlichere Nation festzuhalten, die auf einem gewaltfreien Leben und der Achtung der Rechte und Freiheiten aller Menschen gr\u00fcndet. <!--more-->Die vielen Projekte und Initiativen, die Ausbildung von Ordensschwestern und Jugendlichen in aktiver Gewaltfreiheit und Friedenskonsolidierung durch Pax Christi International sind M\u00f6glichkeiten, diese Werte zu leben und zu praktizieren, als eine der M\u00f6glichkeiten, die tief verwurzelte Gewalt, die das Land seit drei Jahrzehnten erduldet, zu bek\u00e4mpfen. <strong>Wir unterst\u00fctzen alle gewaltfreien Ma\u00dfnahmen, die Sie, die Menschen in der Demokratischen Republik Kongo, ergreifen, um harmonische, gerechte und f\u00fcrsorgliche Gemeinschaften aufzubauen &#8211; Werte, die in den afrikanischen Kulturen an Kinder und Jugendliche weitergegeben werden.<\/strong><\/p>\n<p><a href=\"https:\/\/paxchristi.net\/2024\/03\/01\/statement-building-a-nonviolent-future-in-the-drc-by-embracing-peace-now\/\">Zum ausf\u00fchrlichen Gesamttext in Englisch, Franz\u00f6sisch und Spanisch.<\/a><\/p>\n","protected":false},"excerpt":{"rendered":"<p>Pax Christi International ist solidarisch mit den Opfern der eskalierenden Gewalt in der Demokratischen Republik Kongo (DRK) Wir erkennen die tiefe Hoffnung der Bev\u00f6lkerung der Demokratischen Republik Kongo auf eine friedliche Existenz an, in der gewaltfreie L\u00f6sungen greifbare Wege in eine gerechte Zukunft bieten. Mit dieser Erkl\u00e4rung bitten wir Sie eindringlich, an dieser Hoffnung auf &hellip; <\/p>\n<p class=\"link-more\"><a href=\"https:\/\/www.paxchristi.at\/?p=10306\" class=\"more-link\"><span class=\"screen-reader-text\">\u201eStellungnahme von Pax Christi International zur Gewalteskalation in der DR Kongo\u201c<\/span> weiterlesen<\/a><\/p>\n","protected":false},"author":1,"featured_media":0,"comment_status":"closed","ping_status":"closed","sticky":true,"template":"","format":"standard","meta":{"footnotes":""},"categories":[],"tags":[],"_links":{"self":[{"href":"https:\/\/www.paxchristi.at\/index.php?rest_route=\/wp\/v2\/posts\/10306"}],"collection":[{"href":"https:\/\/www.paxchristi.at\/index.php?rest_route=\/wp\/v2\/posts"}],"about":[{"href":"https:\/\/www.paxchristi.at\/index.php?rest_route=\/wp\/v2\/types\/post"}],"author":[{"embeddable":true,"href":"https:\/\/www.paxchristi.at\/index.php?rest_route=\/wp\/v2\/users\/1"}],"replies":[{"embeddable":true,"href":"https:\/\/www.paxchristi.at\/index.php?rest_route=%2Fwp%2Fv2%2Fcomments&post=10306"}],"version-history":[{"count":2,"href":"https:\/\/www.paxchristi.at\/index.php?rest_route=\/wp\/v2\/posts\/10306\/revisions"}],"predecessor-version":[{"id":10308,"href":"https:\/\/www.paxchristi.at\/index.php?rest_route=\/wp\/v2\/posts\/10306\/revisions\/10308"}],"wp:attachment":[{"href":"https:\/\/www.paxchristi.at\/index.php?rest_route=%2Fwp%2Fv2%2Fmedia&parent=10306"}],"wp:term":[{"taxonomy":"category","embeddable":true,"href":"https:\/\/www.paxchristi.at\/index.php?rest_route=%2Fwp%2Fv2%2Fcategories&post=10306"},{"taxonomy":"post_tag","embeddable":true,"href":"https:\/\/www.paxchristi.at\/index.php?rest_route=%2Fwp%2Fv2%2Ftags&post=10306"}],"curies":[{"name":"wp","href":"https:\/\/api.w.org\/{rel}","templated":true}]}}