{"id":10325,"date":"2024-04-18T15:29:14","date_gmt":"2024-04-18T13:29:14","guid":{"rendered":"https:\/\/www.paxchristi.at\/?p=10325"},"modified":"2024-04-18T15:29:14","modified_gmt":"2024-04-18T13:29:14","slug":"es-braucht-eine-mutige-kulturelle-revolution-bericht-von-der-gv-von-pax-christi-in-graz-12-13-april-2024","status":"publish","type":"post","link":"https:\/\/www.paxchristi.at\/?p=10325","title":{"rendered":"&#8222;Es braucht eine mutige kulturelle Revolution!&#8220; &#8211; Bericht von der GV von Pax Christi in Graz, 12.\/13. April 2024"},"content":{"rendered":"<p><strong><a href=\"https:\/\/www.paxchristi.at\/wp-content\/uploads\/2024\/02\/Pax_Studientag_120424_WEB_Mail.jpg\"><img decoding=\"async\" loading=\"lazy\" class=\"wp-image-10281 alignright\" src=\"https:\/\/www.paxchristi.at\/wp-content\/uploads\/2024\/02\/Pax_Studientag_120424_WEB_Mail-725x1024.jpg\" alt=\"\" width=\"200\" height=\"283\" srcset=\"https:\/\/www.paxchristi.at\/wp-content\/uploads\/2024\/02\/Pax_Studientag_120424_WEB_Mail-725x1024.jpg 725w, https:\/\/www.paxchristi.at\/wp-content\/uploads\/2024\/02\/Pax_Studientag_120424_WEB_Mail-212x300.jpg 212w, https:\/\/www.paxchristi.at\/wp-content\/uploads\/2024\/02\/Pax_Studientag_120424_WEB_Mail-768x1085.jpg 768w, https:\/\/www.paxchristi.at\/wp-content\/uploads\/2024\/02\/Pax_Studientag_120424_WEB_Mail-1087x1536.jpg 1087w, https:\/\/www.paxchristi.at\/wp-content\/uploads\/2024\/02\/Pax_Studientag_120424_WEB_Mail-1449x2048.jpg 1449w, https:\/\/www.paxchristi.at\/wp-content\/uploads\/2024\/02\/Pax_Studientag_120424_WEB_Mail.jpg 1755w\" sizes=\"(max-width: 200px) 100vw, 200px\" \/><\/a>Es braucht eine mutige kulturelle Revolution<\/strong><\/p>\n<p><em>Bericht von der Pax Christi Generalversammlung mit Studientag in Graz, 12. und 13. April 2024<\/em><\/p>\n<p><strong>Zum pers\u00f6nlichen Austausch und um die strategische Ausrichtung ihrer Arbeit zu \u00fcberpr\u00fcfen trafen sich friedensbewegte Menschen aus ganz \u00d6sterreich im Franziskanerkloster in Graz. Werkzeuge waren die Enzyklika \u201eLaudato Si\u201c von Papst Franziskus und ein anschlie\u00dfendes World Cafe mit Expert:innen aus verschiedenen Disziplinen. Ausgerichtet wurde der Studientag von PAX Steiermark, federf\u00fchrend von Petra Lex, der stv. Vorsitzenden von PAX \u00d6sterreich, selbst seit mehreren Jahren Klimaaktivistin.<\/strong><br \/>\n<!--more--><br \/>\nWas bedeutet \u201emutige kulturelle Revolution\u201c im globalen Kontext? Welche Transformationen braucht es? Worin liegt die Wirkmacht von Laudato Si? Und was muss unsere Antwort sein?<\/p>\n<p>Mag. Dr. Ernst F\u00fcrlinger, Papstkenner &#8211; sein Buch \u201eHandwerker der Hoffnung\u201c zum interreligi\u00f6sen Dialog erschien 2023 &#8211; und Mitarbeiter der Donau Uni Krems, spannte in seinem Vortrag mehrere Aspekte auf: Die Relevanz des globalen S\u00fcdens mit seiner anderen Weltsicht, Stichwort \u201epachamama\u201c;\u00a0 die politische und interreligi\u00f6se Bedeutung oder die klare kritische Position zur kapitalistischen Wirtschaftsweise, die Franziskus im Oktober mit seinem apostolischen Schreiben \u201eLaudate Deum\u201c nochmals bekr\u00e4ftigt hat.<\/p>\n<p>Um diese Zug\u00e4nge f\u00fcr unsere Arbeit zu vertiefen, wurden in mehreren Runden die Aspekte Interreligiosit\u00e4t, Aktivismus, Medien, Frieden, Transformation und Sch\u00f6pfungsverantwortung bearbeitet. Die Moderator:innen kamen in ihren Res\u00fcmees auf den Punkt: Von der Bedeutung der inneren Haltung \u00fcber die Schwierigkeiten medialer Wirksamkeit bis zur Erkenntnis, dass es R\u00e4ume braucht f\u00fcr interreligi\u00f6se Begegnung und\u00a0 befreiungstheologische Ans\u00e4tze.<\/p>\n<p>Dass die Klimakrise bereits seit langem ein Vorkrieg ist, wurde bewusst und dass es Role Models braucht, damit besonders wir, die wir Krieg nur aus B\u00fcchern oder aus dem Internet kennen, emotional ber\u00fchrt und zum Handeln motiviert werden.<\/p>\n<p>Am Samstag fand dann zum Abschluss ebenfalls im Franziskanerkloster die j\u00e4hrliche Generalversammlung von Pax Christi \u00d6sterreich statt. Die aktiven Mitglieder tauschten sich \u00fcber Neuigkeiten innerhalb der Bewegung und gegenw\u00e4rtige Herausforderungen in der Friedensarbeit aus. Im Zentrum standen dabei die Erkenntnisse aus dem oben beschriebenen Studientag und die entscheidende Frage: Was hei\u00dft das jetzt konkret f\u00fcr unser Tun als Friedensbewegung?<\/p>\n<p><a href=\"https:\/\/www.paxchristi.at\/wp-content\/uploads\/2024\/04\/Aktion_PAXOesterreich-130424.jpg\"><img decoding=\"async\" loading=\"lazy\" class=\"alignnone size-large wp-image-10327\" src=\"https:\/\/www.paxchristi.at\/wp-content\/uploads\/2024\/04\/Aktion_PAXOesterreich-130424-1024x571.jpg\" alt=\"\" width=\"525\" height=\"293\" srcset=\"https:\/\/www.paxchristi.at\/wp-content\/uploads\/2024\/04\/Aktion_PAXOesterreich-130424-1024x571.jpg 1024w, https:\/\/www.paxchristi.at\/wp-content\/uploads\/2024\/04\/Aktion_PAXOesterreich-130424-300x167.jpg 300w, https:\/\/www.paxchristi.at\/wp-content\/uploads\/2024\/04\/Aktion_PAXOesterreich-130424-768x429.jpg 768w, https:\/\/www.paxchristi.at\/wp-content\/uploads\/2024\/04\/Aktion_PAXOesterreich-130424-1536x857.jpg 1536w, https:\/\/www.paxchristi.at\/wp-content\/uploads\/2024\/04\/Aktion_PAXOesterreich-130424.jpg 1559w\" sizes=\"(max-width: 525px) 100vw, 525px\" \/><\/a><\/p>\n<p>Aufgrund der zeitlichen N\u00e4he ihrer Todestage setzte Pax Christi \u00d6sterreich am Kapistran Pieller-Platz ein Zeichen des Gedenkens an zwei Blutzeugen des christlichen Widerstandes gegen den Nationalsozialismus: Der Franziskanerm\u00f6nch Pieller wurde am 15. April 1945 in Stein bei Krems, und Max Josef Metzger am 17. April 1944 in Brandenburg-G\u00f6rden hingerichtet. Beide wirkten als Seelsorger auch in Graz. <a href=\"https:\/\/www.paxchristi.at\/wp-content\/uploads\/2024\/04\/Max-Josef-Metzger_AktionPAX_0424.pdf\">Hier geht&#8217;s zum Flugblatt in Gedenken an Max Josef Metzger.<\/a><\/p>\n<p>&nbsp;<\/p>\n<p>&nbsp;<\/p>\n","protected":false},"excerpt":{"rendered":"<p>Es braucht eine mutige kulturelle Revolution Bericht von der Pax Christi Generalversammlung mit Studientag in Graz, 12. und 13. April 2024 Zum pers\u00f6nlichen Austausch und um die strategische Ausrichtung ihrer Arbeit zu \u00fcberpr\u00fcfen trafen sich friedensbewegte Menschen aus ganz \u00d6sterreich im Franziskanerkloster in Graz. Werkzeuge waren die Enzyklika \u201eLaudato Si\u201c von Papst Franziskus und ein &hellip; <\/p>\n<p class=\"link-more\"><a href=\"https:\/\/www.paxchristi.at\/?p=10325\" class=\"more-link\"><span class=\"screen-reader-text\">\u201e&#8222;Es braucht eine mutige kulturelle Revolution!&#8220; &#8211; Bericht von der GV von Pax Christi in Graz, 12.\/13. April 2024\u201c<\/span> weiterlesen<\/a><\/p>\n","protected":false},"author":1,"featured_media":0,"comment_status":"closed","ping_status":"closed","sticky":true,"template":"","format":"standard","meta":{"footnotes":""},"categories":[1],"tags":[],"_links":{"self":[{"href":"https:\/\/www.paxchristi.at\/index.php?rest_route=\/wp\/v2\/posts\/10325"}],"collection":[{"href":"https:\/\/www.paxchristi.at\/index.php?rest_route=\/wp\/v2\/posts"}],"about":[{"href":"https:\/\/www.paxchristi.at\/index.php?rest_route=\/wp\/v2\/types\/post"}],"author":[{"embeddable":true,"href":"https:\/\/www.paxchristi.at\/index.php?rest_route=\/wp\/v2\/users\/1"}],"replies":[{"embeddable":true,"href":"https:\/\/www.paxchristi.at\/index.php?rest_route=%2Fwp%2Fv2%2Fcomments&post=10325"}],"version-history":[{"count":1,"href":"https:\/\/www.paxchristi.at\/index.php?rest_route=\/wp\/v2\/posts\/10325\/revisions"}],"predecessor-version":[{"id":10328,"href":"https:\/\/www.paxchristi.at\/index.php?rest_route=\/wp\/v2\/posts\/10325\/revisions\/10328"}],"wp:attachment":[{"href":"https:\/\/www.paxchristi.at\/index.php?rest_route=%2Fwp%2Fv2%2Fmedia&parent=10325"}],"wp:term":[{"taxonomy":"category","embeddable":true,"href":"https:\/\/www.paxchristi.at\/index.php?rest_route=%2Fwp%2Fv2%2Fcategories&post=10325"},{"taxonomy":"post_tag","embeddable":true,"href":"https:\/\/www.paxchristi.at\/index.php?rest_route=%2Fwp%2Fv2%2Ftags&post=10325"}],"curies":[{"name":"wp","href":"https:\/\/api.w.org\/{rel}","templated":true}]}}