{"id":10380,"date":"2024-07-04T16:25:57","date_gmt":"2024-07-04T14:25:57","guid":{"rendered":"https:\/\/www.paxchristi.at\/?p=10380"},"modified":"2024-07-04T16:25:57","modified_gmt":"2024-07-04T14:25:57","slug":"ueber-den-wert-und-die-realitaet-von-frieden-gedanken-von-petra-lex","status":"publish","type":"post","link":"https:\/\/www.paxchristi.at\/?p=10380","title":{"rendered":"\u00dcber den Wert und die Realit\u00e4t von Frieden &#8211; Gedanken von Petra Lex"},"content":{"rendered":"<p><a href=\"https:\/\/www.paxchristi.at\/wp-content\/uploads\/2023\/03\/3B3A3483-2-1-scaled.jpg\"><img decoding=\"async\" loading=\"lazy\" class=\"alignright wp-image-10010 size-thumbnail\" src=\"https:\/\/www.paxchristi.at\/wp-content\/uploads\/2023\/03\/3B3A3483-2-1-150x150.jpg\" alt=\"\" width=\"150\" height=\"150\" \/><\/a>Mit dem Frieden ist es ein bisschen wie mit der Gesundheit &#8211; man merkt den Wert erst, wenn schon etwas kaputt geworden ist. Der Wert der Vorsorge ist in beiden F\u00e4llen unsch\u00e4tzbar und w\u00e4hrend wir die Briefe der \u00d6sterreichischen Gesundheitskasse zumindest nicht immer ignorieren, erscheint uns die &#8222;Friedensf\u00fcrsorge&#8220; wie ein spanisches Dorf. Das UN-Nachhaltigkeitsziel Nr. 16 nennt Frieden, Gerechtigkeit und starke Institutionen als S\u00e4ulen &#8211; gut, und was hat das jetzt mit uns zu tun?<br \/>\n<!--more--><br \/>\nTun wir mal so, als h\u00e4tten wir das Prinzip der Synodalit\u00e4t verstanden UND verinnerlicht &#8211; wir w\u00e4ren gerufen, ermutigt und erm\u00e4chtigt, aus unserer Taufgnade heraus prophetisch, priesterlich und k\u00f6niglich zu wirken. Ein Mega-Vorschuss an Zutrauen, hui, fast schwindlig kann einem da werden! Doch ernsthaft &#8211; wer, wenn nicht wir, wird das ersehnte Reich Gottes ins Werk setzen? Wo, wenn nicht hier, und wann , wenn nicht heute?<\/p>\n<p>Und jetzt lasst es uns herunterbrechen auf den Boden der Realit\u00e4t, dorthin, wo unsere F\u00fc\u00dfe stehen: Jeder und jede sehe sich um, erkenne seine(n) N\u00e4chste(n) und nehme die eigene Ver-Antwort-ung wahr. ;anches wir leichter klappen, das n\u00e4chste freundliche Wort oder mehr Selbstf\u00fcrsorge. Anderes braucht \u00dcbung, Vorbilder und Inspiration: Die Stimme erheben gegen Unrecht? Als B\u00fcrger:in wirksamer sein? Zu einer starken Demokratie beitragen?<\/p>\n<p>PAX Christi ist eine weltweite Bewegung kirchlich friedensbewegter Menschen. Bei uns in der Steiermark steht gerade ein Generationenwechsel an, und das \u00dcberleben der Bewegung ist gef\u00e4hrdet, wenn sich niemand anschlie\u00dft. Gut, das klingt jetzt wenig inspirierend, ich geb&#8217;s zu, aber was nicht ist, kann definitiv werden &#8230; dort, wo zwei, oder drei beisammen sind.<\/p>\n<p><strong>Petra Lex ist Mitglied von PAX Christi Steiermark und stv. Vorsitzende von PAX Christi \u00d6sterreich sowie Teil von &#8222;Die Letzte Generation&#8220; und ReligionsForFuture.<\/strong><\/p>\n<p><em>Der Kommentar von Petra Lex wurde im Sonntagsblatt f\u00fcr Steiermark in der Ausgabe vom 30. Juni 2024 in der Rubrik &#8222;Hinschauen&#8220; ver\u00f6ffentlicht.<\/em><\/p>\n","protected":false},"excerpt":{"rendered":"<p>Mit dem Frieden ist es ein bisschen wie mit der Gesundheit &#8211; man merkt den Wert erst, wenn schon etwas kaputt geworden ist. Der Wert der Vorsorge ist in beiden F\u00e4llen unsch\u00e4tzbar und w\u00e4hrend wir die Briefe der \u00d6sterreichischen Gesundheitskasse zumindest nicht immer ignorieren, erscheint uns die &#8222;Friedensf\u00fcrsorge&#8220; wie ein spanisches Dorf. Das UN-Nachhaltigkeitsziel Nr. &hellip; <\/p>\n<p class=\"link-more\"><a href=\"https:\/\/www.paxchristi.at\/?p=10380\" class=\"more-link\"><span class=\"screen-reader-text\">\u201e\u00dcber den Wert und die Realit\u00e4t von Frieden &#8211; Gedanken von Petra Lex\u201c<\/span> weiterlesen<\/a><\/p>\n","protected":false},"author":1,"featured_media":0,"comment_status":"closed","ping_status":"closed","sticky":true,"template":"","format":"standard","meta":{"footnotes":""},"categories":[1],"tags":[],"_links":{"self":[{"href":"https:\/\/www.paxchristi.at\/index.php?rest_route=\/wp\/v2\/posts\/10380"}],"collection":[{"href":"https:\/\/www.paxchristi.at\/index.php?rest_route=\/wp\/v2\/posts"}],"about":[{"href":"https:\/\/www.paxchristi.at\/index.php?rest_route=\/wp\/v2\/types\/post"}],"author":[{"embeddable":true,"href":"https:\/\/www.paxchristi.at\/index.php?rest_route=\/wp\/v2\/users\/1"}],"replies":[{"embeddable":true,"href":"https:\/\/www.paxchristi.at\/index.php?rest_route=%2Fwp%2Fv2%2Fcomments&post=10380"}],"version-history":[{"count":1,"href":"https:\/\/www.paxchristi.at\/index.php?rest_route=\/wp\/v2\/posts\/10380\/revisions"}],"predecessor-version":[{"id":10381,"href":"https:\/\/www.paxchristi.at\/index.php?rest_route=\/wp\/v2\/posts\/10380\/revisions\/10381"}],"wp:attachment":[{"href":"https:\/\/www.paxchristi.at\/index.php?rest_route=%2Fwp%2Fv2%2Fmedia&parent=10380"}],"wp:term":[{"taxonomy":"category","embeddable":true,"href":"https:\/\/www.paxchristi.at\/index.php?rest_route=%2Fwp%2Fv2%2Fcategories&post=10380"},{"taxonomy":"post_tag","embeddable":true,"href":"https:\/\/www.paxchristi.at\/index.php?rest_route=%2Fwp%2Fv2%2Ftags&post=10380"}],"curies":[{"name":"wp","href":"https:\/\/api.w.org\/{rel}","templated":true}]}}