{"id":10491,"date":"2024-11-22T11:11:42","date_gmt":"2024-11-22T10:11:42","guid":{"rendered":"https:\/\/www.paxchristi.at\/?p=10491"},"modified":"2024-11-22T11:11:42","modified_gmt":"2024-11-22T10:11:42","slug":"max-josef-metzger-im-freiburger-muenster-seliggesprochen","status":"publish","type":"post","link":"https:\/\/www.paxchristi.at\/?p=10491","title":{"rendered":"Max Josef Metzger im Freiburger M\u00fcnster seliggesprochen"},"content":{"rendered":"<p><a href=\"https:\/\/www.paxchristi.at\/wp-content\/uploads\/2024\/11\/Max-Josef-Metzger.png\"><img decoding=\"async\" loading=\"lazy\" class=\" wp-image-10492 alignright\" src=\"https:\/\/www.paxchristi.at\/wp-content\/uploads\/2024\/11\/Max-Josef-Metzger.png\" alt=\"\" width=\"284\" height=\"189\" srcset=\"https:\/\/www.paxchristi.at\/wp-content\/uploads\/2024\/11\/Max-Josef-Metzger.png 800w, https:\/\/www.paxchristi.at\/wp-content\/uploads\/2024\/11\/Max-Josef-Metzger-300x200.png 300w, https:\/\/www.paxchristi.at\/wp-content\/uploads\/2024\/11\/Max-Josef-Metzger-768x511.png 768w\" sizes=\"(max-width: 284px) 100vw, 284px\" \/><\/a>Historischer Moment im Freiburger M\u00fcnster: Der von den Nationalsozialisten im Jahr 1944 ermordete Priester Max Josef Metzger ist am Sonntag (17.11.) seliggesprochen worden. Kurt Kardinal Koch, Pr\u00e4fekt des Dikasteriums f\u00fcr die F\u00f6rderung der Einheit der Christen, zelebrierte den feierlichen Gottesdienst als Vertreter von Papst Franziskus. In seiner Predigt erinnerte der Kardinal an das au\u00dfergew\u00f6hnliche Lebenswerk und das Martyrium von Max Josef Metzger, der aus der Erzdi\u00f6zese Freiburg stammte. Wegen seiner pazifistischen \u00dcberzeugungen und seines unersch\u00fctterlichen Engagements f\u00fcr den Frieden lie\u00df der NS-Staat den Priester nach Jahren der Verfolgung schlie\u00dflich zum Tode verurteilen und hingerichtet.<br \/>\n<!--more--><br \/>\n\u201eIch habe mein Leben Gott angeboten f\u00fcr den Frieden der Welt und f\u00fcr die Einheit der Kirche\u201c \u2013 diese Worte des nun seligen Max Josef Metzger standen laut Kardinal Koch im Zentrum des Lebens und Wirkens Metzgers. Kardinal Koch betonte in seiner Predigt, dass Metzgers Einsatz f\u00fcr Frieden und Vers\u00f6hnung zeitlos aktuell bleibe und gerade angesichts der heutigen Kriege weltweit eine neue Dringlichkeit gewinne. \u201eWenn wir jedoch in die heutige Welt mit den schrecklichen Kriegen im Nahen Osten, in der Ukraine und an vielen anderen Orten hineinschauen, d\u00fcrften uns solche d\u00fcsteren Ausblicke nicht mehr als weltfremd, sondern als sehr realistisch und aktuell erscheinen\u201c, sagte der Kardinal.<\/p>\n<p><strong>Vom Divisionspfarrer im Ersten Weltkrieg zum Pazifisten<\/strong><\/p>\n<p>Max Josef Metzger, der nach dem Ersten Weltkrieg und den Erfahrungen als Divisionspfarrer zu einem leidenschaftlichen Pazifisten wurde, hatte bereits 1917 ein internationales religi\u00f6ses Friedensprogramm entwickelt. Seine Bem\u00fchungen um den Frieden und seine engagierte \u00f6kumenische Arbeit f\u00fchrten ihn zu einer der wichtigsten Friedensinitiativen seiner Zeit: dem \u201eWeltfriedensbund vom Weissen Kreuz\u201c sowie dem \u201eFriedensbund deutscher Katholiken\u201c, den er 1919 gr\u00fcndete.<\/p>\n<p>\u201eDer Friede zwischen den V\u00f6lkern und Nationen ist zu seiner gro\u00dfen Leidenschaft geworden\u201c, sagte Kardinal Koch in seiner Predigt. Besonders hervorzuheben sei auch sein \u00f6kumenisches Engagement, das ihn seit 1938 zu einem Promotor der \u00f6kumenischen Una-Sancta-Gemeinschaften machte. F\u00fcr Metzger sei die Einheit der Kirche ein notwendiger Schritt hin zu einem echten Weltfrieden. \u201eMax Metzger ist \u00fcberzeugt gewesen, dass die Kirche nur dann glaubw\u00fcrdig f\u00fcr den Frieden in der Welt eintreten kann, wenn die Christen und christlichen Kirchen sich untereinander vers\u00f6hnen\u201c, sagte Kardinal Koch.<\/p>\n<p>Max Josef Metzger wurde 1943 von der Gestapo verhaftet und im Jahr darauf in einem Schauprozess des \u201eHochverrats und Feindbeg\u00fcnstigung\u201c f\u00fcr schuldig befunden. Am 17. April 1944 wurde er im Zuchthaus Brandenburg-G\u00f6rden durch das Fallbeil hingerichtet. \u201eSein Tod ist ein sprechendes Zeugnis daf\u00fcr, was im christlichen Glaubensverst\u00e4ndnis einen M\u00e4rtyrer ausmacht\u201c, sagte Kardinal Koch.<\/p>\n<p><strong>Max Josef Metzger als Vorbild: Seligsprechung als Aufruf zum Zeugnis<\/strong><\/p>\n<p>\u201eDie heutige Seligsprechung ist eine hohe Ehre f\u00fcr das Erzbistum Freiburg, aus dem der Priester Max Metzger hervorgegangen ist\u201c, f\u00fchrte Kurt Koch aus. \u201eZugleich ist damit aber auch der Anspruch an uns verbunden, dass wir in der Nachfolge Jesu Christi in der heutigen Welt zum Zeugnis f\u00fcr Frieden und Einheit gerufen sind.\u201c Die Seligsprechung von Max Josef Metzger sei ein Aufruf an Christen, ihren Glauben aktiv zu leben und durch ihre Taten zu bezeugen, insbesondere in einer zerrissenen Welt, wie sie auch Max Metzger erlebte.<\/p>\n<p><strong>Zum Hintergrund<\/strong><\/p>\n<p>Max Josef Metzger, der aus dem badischen Schopfheim stammt, wurde w\u00e4hrend der NS[1]Zeit aufgrund seiner Friedensarbeit und seiner \u00f6ffentlichen Kritik am Krieg mehrfach von der Gestapo verfolgt und inhaftiert. Die Seligsprechung von Metzger, die im M\u00e4rz 2024 durch das Dikasterium f\u00fcr die Selig- und Heiligsprechungen des Vatikans genehmigt wurde, w\u00fcrdigt sein unverbr\u00fcchliches Engagement f\u00fcr den Frieden und seine christliche N\u00e4chstenliebe.<\/p>\n<p>Weitere Informationen zu Max Josef Metzger finden Sie unter <a href=\"http:\/\/www.ebfr.de\/mjm\">www.ebfr.de\/mjm<\/a><\/p>\n","protected":false},"excerpt":{"rendered":"<p>Historischer Moment im Freiburger M\u00fcnster: Der von den Nationalsozialisten im Jahr 1944 ermordete Priester Max Josef Metzger ist am Sonntag (17.11.) seliggesprochen worden. Kurt Kardinal Koch, Pr\u00e4fekt des Dikasteriums f\u00fcr die F\u00f6rderung der Einheit der Christen, zelebrierte den feierlichen Gottesdienst als Vertreter von Papst Franziskus. In seiner Predigt erinnerte der Kardinal an das au\u00dfergew\u00f6hnliche Lebenswerk &hellip; <\/p>\n<p class=\"link-more\"><a href=\"https:\/\/www.paxchristi.at\/?p=10491\" class=\"more-link\"><span class=\"screen-reader-text\">\u201eMax Josef Metzger im Freiburger M\u00fcnster seliggesprochen\u201c<\/span> weiterlesen<\/a><\/p>\n","protected":false},"author":1,"featured_media":0,"comment_status":"closed","ping_status":"closed","sticky":true,"template":"","format":"standard","meta":{"footnotes":""},"categories":[1],"tags":[],"_links":{"self":[{"href":"https:\/\/www.paxchristi.at\/index.php?rest_route=\/wp\/v2\/posts\/10491"}],"collection":[{"href":"https:\/\/www.paxchristi.at\/index.php?rest_route=\/wp\/v2\/posts"}],"about":[{"href":"https:\/\/www.paxchristi.at\/index.php?rest_route=\/wp\/v2\/types\/post"}],"author":[{"embeddable":true,"href":"https:\/\/www.paxchristi.at\/index.php?rest_route=\/wp\/v2\/users\/1"}],"replies":[{"embeddable":true,"href":"https:\/\/www.paxchristi.at\/index.php?rest_route=%2Fwp%2Fv2%2Fcomments&post=10491"}],"version-history":[{"count":1,"href":"https:\/\/www.paxchristi.at\/index.php?rest_route=\/wp\/v2\/posts\/10491\/revisions"}],"predecessor-version":[{"id":10493,"href":"https:\/\/www.paxchristi.at\/index.php?rest_route=\/wp\/v2\/posts\/10491\/revisions\/10493"}],"wp:attachment":[{"href":"https:\/\/www.paxchristi.at\/index.php?rest_route=%2Fwp%2Fv2%2Fmedia&parent=10491"}],"wp:term":[{"taxonomy":"category","embeddable":true,"href":"https:\/\/www.paxchristi.at\/index.php?rest_route=%2Fwp%2Fv2%2Fcategories&post=10491"},{"taxonomy":"post_tag","embeddable":true,"href":"https:\/\/www.paxchristi.at\/index.php?rest_route=%2Fwp%2Fv2%2Ftags&post=10491"}],"curies":[{"name":"wp","href":"https:\/\/api.w.org\/{rel}","templated":true}]}}