{"id":10513,"date":"2025-01-13T08:37:06","date_gmt":"2025-01-13T07:37:06","guid":{"rendered":"https:\/\/www.paxchristi.at\/?p=10513"},"modified":"2025-01-13T08:37:06","modified_gmt":"2025-01-13T07:37:06","slug":"schulterschluss-der-religionen-fuer-ein-friedliches-miteinander-wiener-erklaerung-unterzeichnet","status":"publish","type":"post","link":"https:\/\/www.paxchristi.at\/?p=10513","title":{"rendered":"Schulterschluss der Religionen f\u00fcr ein friedliches Miteinander: Wiener Erkl\u00e4rung unterzeichnet"},"content":{"rendered":"<div class=\"leadText\">\n<div class=\"modLead\">\n<div class=\"swslang\">\n<p><em><span class=\"sweTitle3\">Kardinal Sch\u00f6nborn, Oberrabbiner Engelmayer und IGG\u00d6-Pr\u00e4sident Vural unterzeichnen ein klares Bekenntnis gegen religi\u00f6s motivierte Gewalt.<\/span><\/em><\/p>\n<\/div>\n<\/div>\n<\/div>\n<div class=\"swslang\">\n<p>Am Donnerstagnachmittag, dem 9. Januar 2025, fand im Erzbisch\u00f6flichen Palais in Wien ein historisches Treffen der Repr\u00e4sentanten von Islam, Judentum und der r\u00f6misch-katholischen Kirche statt. Kardinal Christoph Sch\u00f6nborn, Oberrabbiner Jaron Engelmayer und der Pr\u00e4sident der Islamischen Glaubensgemeinschaft in \u00d6sterreich (IGG\u00d6), \u00dcmit Vural, unterzeichneten gemeinsam die \u201eWiener Erkl\u00e4rung\u201c. Mit diesem Dokument bekr\u00e4ftigen sie ihr Engagement f\u00fcr Frieden und gegenseitigen Respekt in der Gesellschaft.<br \/>\n<!--more--><br \/>\nDie \u201eWiener Erkl\u00e4rung\u201c ist eine klare Absage an jeglichen Missbrauch von Religion zur Anstiftung oder Rechtfertigung von Terror und Gewalt. Die Religionsf\u00fchrer betonten, dass jede Form von Diskriminierung und Bedrohung religi\u00f6sen Lebens entschieden abgelehnt werde. Gleichzeitig appellierten sie an alle Wienerinnen und Wiener, sich f\u00fcr den Erhalt des friedlichen Zusammenlebens in der Stadt einzusetzen.<\/p>\n<p><strong>Wortlaut der \u201eWiener Erkl\u00e4rung\u201c<\/strong><\/p>\n<p>Die \u201eWiener Erkl\u00e4rung: Religionen f\u00fcr den Frieden\u201c umfasst zentrale Botschaften der Toleranz und des Respekts.<\/p>\n<p><em>\u00a0\u00a0\u00a0 \u201eIn Wien gibt es eine gute, tragf\u00e4hige und konstruktive Zusammenarbeit der Religionsgemeinschaften. Sie ist auch Frucht eines langj\u00e4hrigen Dialogs in unserer Stadt. Aus dieser Erfahrung und aus unserer gemeinsamen Verantwortung setzen wir uns f\u00fcr den Frieden ein \u2013 in der \u00dcberzeugung, dass der Glaube eine kraftvolle Basis f\u00fcr ein friedliches Zusammenleben sein kann.<\/em><\/p>\n<p><em>\u00a0\u00a0\u00a0 Entschieden verurteilen wir jeglichen Missbrauch von Religion zur Anstiftung oder Rechtfertigung von Terror und Gewalt. Zugleich treten wir gegen jede Form von Diskriminierung und Bedrohung religi\u00f6sen Lebens auf. Wir verpflichten uns, das gegenseitige Verst\u00e4ndnis und den Zusammenhalt in unseren Religionsgemeinschaften mit aller Kraft zu st\u00e4rken.<\/em><\/p>\n<p><em>\u00a0\u00a0\u00a0 Wir appellieren an unsere Gemeinden und an alle Menschen, die in Wien leben, sich unerm\u00fcdlich f\u00fcr den Erhalt des friedlichen und respektvollen Miteinanders in unserer Stadt einzusetzen.\u201c<\/em><\/p>\n<p><a href=\"https:\/\/www.erzdioezese-wien.at\/site\/home\/nachrichten\/article\/126326.html\">https:\/\/www.erzdioezese-wien.at\/site\/home\/nachrichten\/article\/126326.html<\/a><\/p>\n<\/div>\n","protected":false},"excerpt":{"rendered":"<p>Kardinal Sch\u00f6nborn, Oberrabbiner Engelmayer und IGG\u00d6-Pr\u00e4sident Vural unterzeichnen ein klares Bekenntnis gegen religi\u00f6s motivierte Gewalt. Am Donnerstagnachmittag, dem 9. Januar 2025, fand im Erzbisch\u00f6flichen Palais in Wien ein historisches Treffen der Repr\u00e4sentanten von Islam, Judentum und der r\u00f6misch-katholischen Kirche statt. Kardinal Christoph Sch\u00f6nborn, Oberrabbiner Jaron Engelmayer und der Pr\u00e4sident der Islamischen Glaubensgemeinschaft in \u00d6sterreich (IGG\u00d6), &hellip; <\/p>\n<p class=\"link-more\"><a href=\"https:\/\/www.paxchristi.at\/?p=10513\" class=\"more-link\"><span class=\"screen-reader-text\">\u201eSchulterschluss der Religionen f\u00fcr ein friedliches Miteinander: Wiener Erkl\u00e4rung unterzeichnet\u201c<\/span> weiterlesen<\/a><\/p>\n","protected":false},"author":1,"featured_media":0,"comment_status":"closed","ping_status":"closed","sticky":true,"template":"","format":"standard","meta":{"footnotes":""},"categories":[1],"tags":[],"_links":{"self":[{"href":"https:\/\/www.paxchristi.at\/index.php?rest_route=\/wp\/v2\/posts\/10513"}],"collection":[{"href":"https:\/\/www.paxchristi.at\/index.php?rest_route=\/wp\/v2\/posts"}],"about":[{"href":"https:\/\/www.paxchristi.at\/index.php?rest_route=\/wp\/v2\/types\/post"}],"author":[{"embeddable":true,"href":"https:\/\/www.paxchristi.at\/index.php?rest_route=\/wp\/v2\/users\/1"}],"replies":[{"embeddable":true,"href":"https:\/\/www.paxchristi.at\/index.php?rest_route=%2Fwp%2Fv2%2Fcomments&post=10513"}],"version-history":[{"count":1,"href":"https:\/\/www.paxchristi.at\/index.php?rest_route=\/wp\/v2\/posts\/10513\/revisions"}],"predecessor-version":[{"id":10514,"href":"https:\/\/www.paxchristi.at\/index.php?rest_route=\/wp\/v2\/posts\/10513\/revisions\/10514"}],"wp:attachment":[{"href":"https:\/\/www.paxchristi.at\/index.php?rest_route=%2Fwp%2Fv2%2Fmedia&parent=10513"}],"wp:term":[{"taxonomy":"category","embeddable":true,"href":"https:\/\/www.paxchristi.at\/index.php?rest_route=%2Fwp%2Fv2%2Fcategories&post=10513"},{"taxonomy":"post_tag","embeddable":true,"href":"https:\/\/www.paxchristi.at\/index.php?rest_route=%2Fwp%2Fv2%2Ftags&post=10513"}],"curies":[{"name":"wp","href":"https:\/\/api.w.org\/{rel}","templated":true}]}}