{"id":10521,"date":"2025-01-17T11:39:28","date_gmt":"2025-01-17T10:39:28","guid":{"rendered":"https:\/\/www.paxchristi.at\/?p=10521"},"modified":"2025-01-17T11:39:28","modified_gmt":"2025-01-17T10:39:28","slug":"kampf-gegen-den-islam-kirchliche-stimmen-zu-entgleisung-von-johanna-mikl-leitner","status":"publish","type":"post","link":"https:\/\/www.paxchristi.at\/?p=10521","title":{"rendered":"&#8222;Kampf gegen den Islam&#8220; &#8211; kirchliche Stimmen zu Entgleisung von Johanna Mikl-Leitner"},"content":{"rendered":"<p>Die verst\u00f6rende Aussage zum &#8222;Kampf gegen den Islam&#8220; der nieder\u00f6sterreichischen Landeshauptfrau Johanna Mikl-Leitner hat zu gro\u00dfer Resonanz im \u00f6ffentlichen Diskurs gef\u00fchrt. Auch viele kirchliche Stimmen wurden dazu laut &#8211; auf einige davon wollen wir verweisen und vollinhaltlich unterst\u00fctzen:<br \/>\n<!--more--><br \/>\n<a href=\"https:\/\/www.katholisch.at\/aktuelles\/151677\/schipka-bei-pastoraltagung-kritik-an-mikl-leitners-islam-aussage\">Bischofskonferenz-Generalsekret\u00e4r Schipka: &#8222;Religion darf nie ein Grund sein, um Menschen zu diskreditieren, sondern ist ein zentraler Bestandteil des Menschseins&#8220;<\/a><\/p>\n<p><a href=\"https:\/\/www.herder.de\/communio\/gesellschaft\/warum-johanna-mikl-leitner-ihre-entgleisung-nicht-nur-halb-zuruecknehmen-sollte-kampf-gegen-den-islam\/\">Jan-Heiner T\u00fcck: &#8222;Die Rhetorik der Landeshauptfrau von Nieder\u00f6sterreich gegen\u00fcber dem Islam ist verantwortungslos: Sie vertieft die gesellschaftlichen Gr\u00e4ben und erschwert das Zusammenleben.&#8220;<\/a><\/p>\n<p><a href=\"https:\/\/www.kaoe.at\/dl\/qLnOJKJKMKMOmJqx4kJK\/20250106_KA__Mikl_Leitner_Islam_Wortlaut_pdf\">Katholische Aktion \u00d6sterreich: &#8222;. Auch wenn es sich vielleicht nur um eine verungl\u00fcckte Formulierung handelt, so sehen wir den Kern der Aussage darin, dass ein Schwerpunkt der n\u00e4chsten Regierung mit \u00d6VP-Beteiligung auf die Zur\u00fcckdr\u00e4ngung einer Religion zielt.&#8220;<\/a><\/p>\n","protected":false},"excerpt":{"rendered":"<p>Die verst\u00f6rende Aussage zum &#8222;Kampf gegen den Islam&#8220; der nieder\u00f6sterreichischen Landeshauptfrau Johanna Mikl-Leitner hat zu gro\u00dfer Resonanz im \u00f6ffentlichen Diskurs gef\u00fchrt. Auch viele kirchliche Stimmen wurden dazu laut &#8211; auf einige davon wollen wir verweisen und vollinhaltlich unterst\u00fctzen:<\/p>\n","protected":false},"author":1,"featured_media":0,"comment_status":"closed","ping_status":"closed","sticky":true,"template":"","format":"standard","meta":{"footnotes":""},"categories":[1],"tags":[],"_links":{"self":[{"href":"https:\/\/www.paxchristi.at\/index.php?rest_route=\/wp\/v2\/posts\/10521"}],"collection":[{"href":"https:\/\/www.paxchristi.at\/index.php?rest_route=\/wp\/v2\/posts"}],"about":[{"href":"https:\/\/www.paxchristi.at\/index.php?rest_route=\/wp\/v2\/types\/post"}],"author":[{"embeddable":true,"href":"https:\/\/www.paxchristi.at\/index.php?rest_route=\/wp\/v2\/users\/1"}],"replies":[{"embeddable":true,"href":"https:\/\/www.paxchristi.at\/index.php?rest_route=%2Fwp%2Fv2%2Fcomments&post=10521"}],"version-history":[{"count":1,"href":"https:\/\/www.paxchristi.at\/index.php?rest_route=\/wp\/v2\/posts\/10521\/revisions"}],"predecessor-version":[{"id":10522,"href":"https:\/\/www.paxchristi.at\/index.php?rest_route=\/wp\/v2\/posts\/10521\/revisions\/10522"}],"wp:attachment":[{"href":"https:\/\/www.paxchristi.at\/index.php?rest_route=%2Fwp%2Fv2%2Fmedia&parent=10521"}],"wp:term":[{"taxonomy":"category","embeddable":true,"href":"https:\/\/www.paxchristi.at\/index.php?rest_route=%2Fwp%2Fv2%2Fcategories&post=10521"},{"taxonomy":"post_tag","embeddable":true,"href":"https:\/\/www.paxchristi.at\/index.php?rest_route=%2Fwp%2Fv2%2Ftags&post=10521"}],"curies":[{"name":"wp","href":"https:\/\/api.w.org\/{rel}","templated":true}]}}