{"id":10532,"date":"2025-01-31T11:29:45","date_gmt":"2025-01-31T10:29:45","guid":{"rendered":"https:\/\/www.paxchristi.at\/?p=10532"},"modified":"2025-01-31T11:29:45","modified_gmt":"2025-01-31T10:29:45","slug":"einladung-zur-generalversammlung-2025-von-pax-christi-oesterreich","status":"publish","type":"post","link":"https:\/\/www.paxchristi.at\/?p=10532","title":{"rendered":"Einladung zur Generalversammlung 2025 von Pax Christi \u00d6sterreich"},"content":{"rendered":"<p><strong><a href=\"https:\/\/www.paxchristi.at\/wp-content\/uploads\/2025\/01\/Plakat_MuseumVortrag_Hohenems.png\"><img decoding=\"async\" loading=\"lazy\" class=\"wp-image-10530 alignright\" src=\"https:\/\/www.paxchristi.at\/wp-content\/uploads\/2025\/01\/Plakat_MuseumVortrag_Hohenems.png\" alt=\"\" width=\"285\" height=\"404\" srcset=\"https:\/\/www.paxchristi.at\/wp-content\/uploads\/2025\/01\/Plakat_MuseumVortrag_Hohenems.png 658w, https:\/\/www.paxchristi.at\/wp-content\/uploads\/2025\/01\/Plakat_MuseumVortrag_Hohenems-212x300.png 212w\" sizes=\"(max-width: 285px) 100vw, 285px\" \/><\/a>Pax Christi \u00d6sterreich l\u00e4dt in diesem Jahr alle Interessierten zur Generalversammlung mit Studienteil am Freitag, 28. M\u00e4rz 2025 und Samstag, 29. M\u00e4rz 2025 nach Hohenems (Vorarlberg) ein.\u00a0<\/strong><\/p>\n<p>&nbsp;<\/p>\n<div class=\"time-block\">\n<p><!--more--><strong>Programm:<\/strong><\/p>\n<p><strong>Studientag am Freitag, 28. M\u00e4rz, 14:15 \u2013 18 Uhr<\/strong><br \/>\nMuseum &amp; Vortrag: J\u00fcdisches Museum Hohenems<\/p>\n<p>ab 14:15 Uhr: Ankommen<br \/>\n<em>J\u00fcdisches Museum Hohenems (Aron-T\u00e4nzer-Platz 1, Hohenems)<\/em><\/p>\n<p>15:00 \u201eYalla, Arabisch-j\u00fcdische Ber\u00fchrungen\u201c<br \/>\n<em>gemeinsame F\u00fchrung durch Museum (Eintritt 12,- p.P.)<\/em><\/p>\n<p>16:30 \u201ePerspektiven f\u00fcr den Nahen Osten \u2013 aus Vorarlberg betrachtet\u201c<br \/>\nVortrag und Gespr\u00e4ch mit Dr. Hanno Loewy (Museumsdirektor)<br \/>\n<em>Pfarrsaal St. Karl, Marktstra\u00dfe 1a, Hohenems<\/em><\/p>\n<\/div>\n<p>&nbsp;<\/p>\n<p><strong>Generalversammlung am Samstag, 29. M\u00e4rz, 9 \u2013 13 Uhr<\/strong><br \/>\nSt. Karl, Marktstra\u00dfe 1a, 6845 Hohenems<\/p>\n<p>Nach der Generalversammlung gibt es noch die M\u00f6glichkeit zu einem gemeinsamen Mittagessen und um 14:30 Uhr einer F\u00fchrung durch das Stadtzentrum Hohenems.<\/p>\n<p>&nbsp;<\/p>\n<p><strong>Anmeldung erbeten bis 16. M\u00e4rz 2025 unter:\u00a0<a href=\"mailto:office@paxchristi.at\">office@paxchristi.at<\/a><\/strong><\/p>\n<p><strong>Weitere Infos online auf unserer Website: <a href=\"https:\/\/www.paxchristi.at\/?page_id=10294\">https:\/\/www.paxchristi.at\/?page_id=10294<\/a><\/strong><\/p>\n","protected":false},"excerpt":{"rendered":"<p>Pax Christi \u00d6sterreich l\u00e4dt in diesem Jahr alle Interessierten zur Generalversammlung mit Studienteil am Freitag, 28. M\u00e4rz 2025 und Samstag, 29. M\u00e4rz 2025 nach Hohenems (Vorarlberg) ein.\u00a0 &nbsp;<\/p>\n","protected":false},"author":1,"featured_media":0,"comment_status":"closed","ping_status":"closed","sticky":true,"template":"","format":"standard","meta":{"footnotes":""},"categories":[1],"tags":[],"_links":{"self":[{"href":"https:\/\/www.paxchristi.at\/index.php?rest_route=\/wp\/v2\/posts\/10532"}],"collection":[{"href":"https:\/\/www.paxchristi.at\/index.php?rest_route=\/wp\/v2\/posts"}],"about":[{"href":"https:\/\/www.paxchristi.at\/index.php?rest_route=\/wp\/v2\/types\/post"}],"author":[{"embeddable":true,"href":"https:\/\/www.paxchristi.at\/index.php?rest_route=\/wp\/v2\/users\/1"}],"replies":[{"embeddable":true,"href":"https:\/\/www.paxchristi.at\/index.php?rest_route=%2Fwp%2Fv2%2Fcomments&post=10532"}],"version-history":[{"count":1,"href":"https:\/\/www.paxchristi.at\/index.php?rest_route=\/wp\/v2\/posts\/10532\/revisions"}],"predecessor-version":[{"id":10533,"href":"https:\/\/www.paxchristi.at\/index.php?rest_route=\/wp\/v2\/posts\/10532\/revisions\/10533"}],"wp:attachment":[{"href":"https:\/\/www.paxchristi.at\/index.php?rest_route=%2Fwp%2Fv2%2Fmedia&parent=10532"}],"wp:term":[{"taxonomy":"category","embeddable":true,"href":"https:\/\/www.paxchristi.at\/index.php?rest_route=%2Fwp%2Fv2%2Fcategories&post=10532"},{"taxonomy":"post_tag","embeddable":true,"href":"https:\/\/www.paxchristi.at\/index.php?rest_route=%2Fwp%2Fv2%2Ftags&post=10532"}],"curies":[{"name":"wp","href":"https:\/\/api.w.org\/{rel}","templated":true}]}}