{"id":10571,"date":"2025-04-25T13:08:43","date_gmt":"2025-04-25T11:08:43","guid":{"rendered":"https:\/\/www.paxchristi.at\/?p=10571"},"modified":"2025-04-25T13:08:43","modified_gmt":"2025-04-25T11:08:43","slug":"generalversammlung-2025-von-pax-christi-oesterreich-in-hohenems","status":"publish","type":"post","link":"https:\/\/www.paxchristi.at\/?p=10571","title":{"rendered":"Generalversammlung 2025 von Pax Christi \u00d6sterreich in Hohenems"},"content":{"rendered":"<p><a href=\"https:\/\/www.paxchristi.at\/wp-content\/uploads\/2025\/04\/thumbnail_IMG_0163.jpg\"><img decoding=\"async\" loading=\"lazy\" class=\" wp-image-10572 alignright\" src=\"https:\/\/www.paxchristi.at\/wp-content\/uploads\/2025\/04\/thumbnail_IMG_0163-768x1024.jpg\" alt=\"\" width=\"240\" height=\"320\" srcset=\"https:\/\/www.paxchristi.at\/wp-content\/uploads\/2025\/04\/thumbnail_IMG_0163-768x1024.jpg 768w, https:\/\/www.paxchristi.at\/wp-content\/uploads\/2025\/04\/thumbnail_IMG_0163-225x300.jpg 225w, https:\/\/www.paxchristi.at\/wp-content\/uploads\/2025\/04\/thumbnail_IMG_0163-1152x1536.jpg 1152w, https:\/\/www.paxchristi.at\/wp-content\/uploads\/2025\/04\/thumbnail_IMG_0163.jpg 1440w\" sizes=\"(max-width: 240px) 100vw, 240px\" \/><\/a>Vom 28. bis 29. M\u00e4rz 2025 fand die diesj\u00e4hrige Generalversammlung von Pax Christi \u00d6sterreich in Hohenems statt.<\/p>\n<p>Am Freitag gab es zun\u00e4chst eine F\u00fchrung durch die Ausstellung Yalla im j\u00fcdischen Museum in Hohenems. Zu sehen waren dabei vorwiegend Exponate von arabisch-j\u00fcdischen K\u00fcnstler:innen, die Einblick in eine nicht so bekannte Wirklichkeit geben. Es handelt sich um K\u00fcnstler:innen aus \u00c4gypten, dem Irak oder Marokko &#8211; also j\u00fcdischen Menschen, die in arabischen Kulturen verwurzelt sind.<br \/>\n<!--more--><br \/>\nIm Anschluss daran gab es einen Vortrag mit dem Direktor des Museums, Dr. <strong>Hanno L\u00f6wy<\/strong> (siehe Bild), im Pfarrsaal der Pfarre St. Karl. Nach einem kurzen geschichtlichen Abriss \u00fcber Einwanderungsbewegungen ging er auf die gegenw\u00e4rtige Situation ein. Der Referent stellte klar, dass er angesichts der derzeitigen Situation eine Zweistaaten-L\u00f6sung f\u00fcr ziemlich unrealistisch halte. F\u00fcr die Verfechter scheint das Modell eine M\u00f6glichkeit zu sein, sich mit der realpolitischen aktuellen Situation nicht auseinandersetzen zu m\u00fcssen. Es gebe keine Patentl\u00f6sung &#8211; vielmehr m\u00fcsse versucht werden, auf einen Staat hinzuwirken, in dem alle Menschen ohne R\u00fccksicht auf Ethnie oder Religion gleiche Rechte haben. Au\u00dferdem stellt der Einfluss von externen M\u00e4chten ein gro\u00dfes Problem dar und f\u00fchrt zu einer Versch\u00e4rfung der Situation.<\/p>\n<p>Am Samstag fand dann die Generalversammlung statt, die gepr\u00e4gt war von Berichten und Er\u00f6rterungen der gegenw\u00e4rtigen Situation, sowie der Nachwahl einer Vertreterin in den \u00d6sterreich-Vorstand.<\/p>\n<p>Am Nachmittag fand dann noch eine Stadtf\u00fchrung durch das j\u00fcdische Viertel von Hohenems statt, bei der auf die geschichtlichen Hintergr\u00fcnde eingegangen wurde, die zum Zuzug von j\u00fcdischen H\u00e4ndler:innen und ihrer Niederlassung im 17. Jahrhundert f\u00fchrten, bis zur Ausl\u00f6schung der Gemeinde in der Zeit des Nationalsozialismus.<\/p>\n","protected":false},"excerpt":{"rendered":"<p>Vom 28. bis 29. M\u00e4rz 2025 fand die diesj\u00e4hrige Generalversammlung von Pax Christi \u00d6sterreich in Hohenems statt. Am Freitag gab es zun\u00e4chst eine F\u00fchrung durch die Ausstellung Yalla im j\u00fcdischen Museum in Hohenems. Zu sehen waren dabei vorwiegend Exponate von arabisch-j\u00fcdischen K\u00fcnstler:innen, die Einblick in eine nicht so bekannte Wirklichkeit geben. Es handelt sich um &hellip; <\/p>\n<p class=\"link-more\"><a href=\"https:\/\/www.paxchristi.at\/?p=10571\" class=\"more-link\"><span class=\"screen-reader-text\">\u201eGeneralversammlung 2025 von Pax Christi \u00d6sterreich in Hohenems\u201c<\/span> weiterlesen<\/a><\/p>\n","protected":false},"author":1,"featured_media":0,"comment_status":"closed","ping_status":"closed","sticky":true,"template":"","format":"standard","meta":{"footnotes":""},"categories":[1],"tags":[],"_links":{"self":[{"href":"https:\/\/www.paxchristi.at\/index.php?rest_route=\/wp\/v2\/posts\/10571"}],"collection":[{"href":"https:\/\/www.paxchristi.at\/index.php?rest_route=\/wp\/v2\/posts"}],"about":[{"href":"https:\/\/www.paxchristi.at\/index.php?rest_route=\/wp\/v2\/types\/post"}],"author":[{"embeddable":true,"href":"https:\/\/www.paxchristi.at\/index.php?rest_route=\/wp\/v2\/users\/1"}],"replies":[{"embeddable":true,"href":"https:\/\/www.paxchristi.at\/index.php?rest_route=%2Fwp%2Fv2%2Fcomments&post=10571"}],"version-history":[{"count":1,"href":"https:\/\/www.paxchristi.at\/index.php?rest_route=\/wp\/v2\/posts\/10571\/revisions"}],"predecessor-version":[{"id":10573,"href":"https:\/\/www.paxchristi.at\/index.php?rest_route=\/wp\/v2\/posts\/10571\/revisions\/10573"}],"wp:attachment":[{"href":"https:\/\/www.paxchristi.at\/index.php?rest_route=%2Fwp%2Fv2%2Fmedia&parent=10571"}],"wp:term":[{"taxonomy":"category","embeddable":true,"href":"https:\/\/www.paxchristi.at\/index.php?rest_route=%2Fwp%2Fv2%2Fcategories&post=10571"},{"taxonomy":"post_tag","embeddable":true,"href":"https:\/\/www.paxchristi.at\/index.php?rest_route=%2Fwp%2Fv2%2Ftags&post=10571"}],"curies":[{"name":"wp","href":"https:\/\/api.w.org\/{rel}","templated":true}]}}