{"id":10576,"date":"2025-05-02T08:48:21","date_gmt":"2025-05-02T06:48:21","guid":{"rendered":"https:\/\/www.paxchristi.at\/?p=10576"},"modified":"2025-05-02T08:48:21","modified_gmt":"2025-05-02T06:48:21","slug":"es-lebe-die-botschaft-von-papst-franziskus-gewaltverzicht-abruestung-und-diplomatie","status":"publish","type":"post","link":"https:\/\/www.paxchristi.at\/?p=10576","title":{"rendered":"Es lebe die Botschaft von Papst Franziskus: Gewaltverzicht, Abr\u00fcstung und Diplomatie"},"content":{"rendered":"<p><strong>Waffenstillstand jetzt! Freilassung der Geiseln!<a href=\"https:\/\/www.paxchristi.at\/wp-content\/uploads\/2025\/05\/Bild1.jpg\"><img decoding=\"async\" loading=\"lazy\" class=\" wp-image-10577 alignright\" src=\"https:\/\/www.paxchristi.at\/wp-content\/uploads\/2025\/05\/Bild1.jpg\" alt=\"\" width=\"348\" height=\"195\" \/><\/a><\/strong><\/p>\n<p>Nicht begraben wird heute der unerm\u00fcdliche Aufruf von Papst Franziskus nach einem Waffenstillstand im Gazastreifen. Zu seinen letzten Worten \u2013 noch am Ostersonntag gesprochen \u2013 z\u00e4hlen jene:\u00a0<em>\u201eIch appelliere an die Kriegsparteien: Ruft zu einem Waffenstillstand auf, lasst die Geiseln frei und kommt dem hungernden Volk zu Hilfe, das sich eine Zukunft in Frieden w\u00fcnscht!\u201c<\/em>\u00a0<!--more-->Doch w\u00e4hrend gleichzeitig Abertausende im Petersdom dem aufgebahrten Papst huldigen, fallen wieder Bomben auf Wohngebiete und Fl\u00fcchtlingslager im Gazastreifen und werden dort Menschen get\u00f6tet und verst\u00fcmmelt. Papst Franziskus hatte bis zuletzt einen st\u00e4ndigen Kontakt zu der christlichen Gemeinde in Gaza. Er rief immer wieder den dortigen Priester an, um seine Solidarit\u00e4t und Anteilnahme zu bekunden. Als der Papst nach seiner Entlassung aus dem Krankenhaus vor einem Monat seine erste \u00f6ffentliche Ansprache hielt, sagte er:<em>\u00a0\u201eIch bin best\u00fcrzt \u00fcber die erneuten schweren israelischen Bombardierungen im Gazastreifen, die viele Tote und Verletzte gefordert haben. Ich fordere, dass die Waffen sofort schweigen und der Mut zum Dialog wiedergefunden wird, damit alle Geiseln freigelassen werden und ein endg\u00fcltiger Waffenstillstand erreicht wird.\u201c<\/em>\u00a0Franziskus war es auch, der es als die Aufgabe des Internationalen Gerichtshofes ansah, zu untersuchen, ob hier von V\u00f6lkermord gesprochen werden k\u00f6nne. Auch mit dem Westjordanland hatte der Papst gute Beziehungen. Bezeichnend war sein Besuch in Betlehem vor 10 Jahren und sein au\u00dferprotokollarisches Gebet bei der Unrechtsmauer, mit der Israel heute von pal\u00e4stinensischen Gebieten getrennt wird.<\/p>\n<p><strong>Vom Mut zur wei\u00dfen Flagge<\/strong><\/p>\n<p>Nicht begraben und aktuell wie vor fast genau einem Jahr sind die Worte von Papst Franziskus, die von jenen scharf kritisiert wurden, die sich zu seinem Begr\u00e4bnis treffen. Damals sprach der Papst vom \u201eMut zur wei\u00dfen Flagge\u201c. W\u00f6rtlich:\u00a0<em>\u201eAber ich denke, dass der st\u00e4rker ist, der die Situation erkennt, der an das Volk denkt, der den Mut zur wei\u00dfen Flagge hat, zu Verhandlungen. Und heute kann man mit der Hilfe der internationalen M\u00e4chte verhandeln. Das Wort \u201averhandeln\u2018 ist ein mutiges Wort.\u201c<\/em>\u00a0Weiters sagte der Papst in dem Interview:\u00a0<em>\u201eWenn man sieht, dass man besiegt wird, dass die Dinge nicht gut laufen, muss man den Mut haben zu verhandeln. Du sch\u00e4mst dich, aber wie viele Tote wird es am Ende geben? Verhandle rechtzeitig, suche ein Land, das vermittelt. Heute, zum Beispiel im Krieg in der Ukraine, gibt es viele, die vermitteln wollen. Die T\u00fcrkei hat sich daf\u00fcr angeboten. Und andere. Sch\u00e4mt euch nicht zu verhandeln.\u201c\u00a0<\/em>Papst Franziskus redete nie jenen Kr\u00e4ften und Staatenlenkern das Wort, die einen milit\u00e4rischen Sieg den Verhandlungen vorziehen und damit nur das Blutvergie\u00dfen in die L\u00e4nge ziehen. Zuhauf kommen sie nun, um dem Papst zu huldigen, jene, die aufr\u00fcsten und selbst mit den schrecklichsten aller Waffen drohen, die vom Papst als die gr\u00f6\u00dfte S\u00fcnde bezeichnet wurden.<\/p>\n<p><strong>Die Botschaft von Gewaltfreiheit als Strategie des Friedens<\/strong><\/p>\n<p>In einer Welt, in der im kleinen Austria \u2013 Verdoppelung des Milit\u00e4rbudgets \u2013 wie in den gro\u00dfen Nationen hochger\u00fcstet wird, in der Staaten der Europ\u00e4ischen Union mit Milliarden an R\u00fcstungsausgaben \u201ekriegsf\u00e4hig\u201c und \u201ekriegstauglich\u201c werden wollen, sprach Papst Franziskus stets andere Worte. Sie m\u00f6gen leben und die Herzen und Hirne jener Menschen bewegen, die nur die Sprache der Waffen verstehen wollen. Zu ihnen und uns allen spricht Papst Franziskus weiterhin. Ich m\u00f6chte einige Worte von Franziskus zitieren, damit sie zu einem anderen Handeln und einer anderen Politik best\u00e4rken: So sprach Franziskus:<\/p>\n<p><em>\u201eM\u00f6gen unsere Art, in zwischenmenschlichen, gesellschaftlichen und internationalen Beziehungen miteinander umzugehen,\u00a0<strong>von Liebe und Gewaltfreiheit geleitet sein<\/strong>.\u201c<\/em><\/p>\n<p><em>\u201eWenn die Opfer von Gewalt\u00a0<strong>der Versuchung der Rache zu widerstehen<\/strong>\u00a0wissen, k\u00f6nnen sie die glaubhaftesten Leitfiguren in gewaltfreien Aufbauprozessen des Friedens sein. M\u00f6ge die Gewaltfreiheit von der Ebene des lokalen Alltags bis zur Ebene der Weltordnung der kennzeichnende Stil unserer Entscheidungen, unserer Beziehungen, unseres Handelns und der Politik in allen ihren Formen sein.\u201c<\/em><\/p>\n<p><em>\u201eDie Gewalt ist nicht die heilende Behandlung f\u00fcr unsere zerbr\u00f6ckelte Welt.\u00a0<strong>Auf Gewalt mit Gewalt zu reagieren\u00a0<\/strong>f\u00fchrt bestenfalls zu Zwangsmigrationen und ungeheuren Leiden, denn gro\u00dfe Mengen an Ressourcen werden f\u00fcr milit\u00e4rische Zwecke bestimmt und den t\u00e4glichen Bed\u00fcrfnissen der Jugendlichen, der Familien in Not, der alten Menschen, der Kranken, der gro\u00dfen Mehrheit der Erdenbewohner entzogen. Schlimmstenfalls kann sie zum physischen und psychischen Tod vieler, wenn nicht sogar aller f\u00fchren.\u201c<\/em><\/p>\n<p><em>\u201eDie\u00a0<strong>entschieden und konsequent praktizierte Gewaltfreiheit<\/strong>\u00a0hat eindrucksvolle Ergebnisse hervorgebracht. Unvergesslich bleiben die von Mahatma Gandhi und Khan Abdul Ghaffar Khan erreichten Erfolge bei der Befreiung Indiens sowie die Erfolge Martin Luther Kings jr. gegen die Rassendiskriminierung.\u201c<\/em><\/p>\n<p><em>\u201eBesonders die Frauen sind oft Vorreiterinnen der Gewaltfreiheit, wie zum Beispiel Leymah Gbowee und Tausende liberianische Frauen, die Gebetstreffen und gewaltlosen Protest (pray-ins) organisiert und so Verhandlungen auf hoher Ebene erreicht haben im Hinblick auf die Beendigung des zweiten B\u00fcrgerkriegs in Liberia.\u201c<\/em><\/p>\n<p><em>\u201eIn seinen Gedanken \u00fcber die Ereignisse von 1989 in der Enzyklika\u00a0Centesimus annus\u00a0(1991) hat mein Vorg\u00e4nger hervorgehoben, dass ein epochaler Umbruch im Leben der V\u00f6lker, der Nationen und der Staaten \u00bb durch einen gewaltlosen Kampf erreicht wurde, der nur von den Waffen der Wahrheit und der Gerechtigkeit Gebrauch machte \u00ab. Dieser Weg eines politischen \u00dcbergangs zum Frieden wurde auch erm\u00f6glicht dank \u00bb dem gewaltlosen Engagement von Menschen [\u2026], die sich stets geweigert hatten, der Macht der Gewalt zu weichen, und Schritt f\u00fcr Schritt wirksame Mittel zu finden wussten, um von der Wahrheit Zeugnis abzulegen \u00ab\u201c<\/em><\/p>\n<p>Sehr viel mehr und auch ganz konkrete Worte des Gewaltverzichts zu den aktuellen brutalen und gewaltsamen bewaffneten Konflikten und Kriegen rund um den Globus sollten heute, am Tag, an dem Papst Franziskus begraben wird, nicht vergessen werden. In diesem Sinne gilt, wie es in der lateinamerikanischen Tradition hei\u00dft: Papa Francesco, presente!<\/p>\n<p>Klaus Heidegger, 26.4.2025, am Tag es Begr\u00e4bnisses von Papst Franziskus<\/p>\n","protected":false},"excerpt":{"rendered":"<p>Waffenstillstand jetzt! Freilassung der Geiseln! Nicht begraben wird heute der unerm\u00fcdliche Aufruf von Papst Franziskus nach einem Waffenstillstand im Gazastreifen. Zu seinen letzten Worten \u2013 noch am Ostersonntag gesprochen \u2013 z\u00e4hlen jene:\u00a0\u201eIch appelliere an die Kriegsparteien: Ruft zu einem Waffenstillstand auf, lasst die Geiseln frei und kommt dem hungernden Volk zu Hilfe, das sich eine &hellip; <\/p>\n<p class=\"link-more\"><a href=\"https:\/\/www.paxchristi.at\/?p=10576\" class=\"more-link\"><span class=\"screen-reader-text\">\u201eEs lebe die Botschaft von Papst Franziskus: Gewaltverzicht, Abr\u00fcstung und Diplomatie\u201c<\/span> weiterlesen<\/a><\/p>\n","protected":false},"author":1,"featured_media":0,"comment_status":"closed","ping_status":"closed","sticky":true,"template":"","format":"standard","meta":{"footnotes":""},"categories":[1],"tags":[],"_links":{"self":[{"href":"https:\/\/www.paxchristi.at\/index.php?rest_route=\/wp\/v2\/posts\/10576"}],"collection":[{"href":"https:\/\/www.paxchristi.at\/index.php?rest_route=\/wp\/v2\/posts"}],"about":[{"href":"https:\/\/www.paxchristi.at\/index.php?rest_route=\/wp\/v2\/types\/post"}],"author":[{"embeddable":true,"href":"https:\/\/www.paxchristi.at\/index.php?rest_route=\/wp\/v2\/users\/1"}],"replies":[{"embeddable":true,"href":"https:\/\/www.paxchristi.at\/index.php?rest_route=%2Fwp%2Fv2%2Fcomments&post=10576"}],"version-history":[{"count":1,"href":"https:\/\/www.paxchristi.at\/index.php?rest_route=\/wp\/v2\/posts\/10576\/revisions"}],"predecessor-version":[{"id":10578,"href":"https:\/\/www.paxchristi.at\/index.php?rest_route=\/wp\/v2\/posts\/10576\/revisions\/10578"}],"wp:attachment":[{"href":"https:\/\/www.paxchristi.at\/index.php?rest_route=%2Fwp%2Fv2%2Fmedia&parent=10576"}],"wp:term":[{"taxonomy":"category","embeddable":true,"href":"https:\/\/www.paxchristi.at\/index.php?rest_route=%2Fwp%2Fv2%2Fcategories&post=10576"},{"taxonomy":"post_tag","embeddable":true,"href":"https:\/\/www.paxchristi.at\/index.php?rest_route=%2Fwp%2Fv2%2Ftags&post=10576"}],"curies":[{"name":"wp","href":"https:\/\/api.w.org\/{rel}","templated":true}]}}