{"id":10582,"date":"2025-05-19T08:58:38","date_gmt":"2025-05-19T06:58:38","guid":{"rendered":"https:\/\/www.paxchristi.at\/?p=10582"},"modified":"2025-05-19T08:58:38","modified_gmt":"2025-05-19T06:58:38","slug":"80-jahre-frieden-feiern-ein-abend-fuer-frieden-und-freiheit","status":"publish","type":"post","link":"https:\/\/www.paxchristi.at\/?p=10582","title":{"rendered":"80 Jahre Frieden feiern &#8211; Ein Abend f\u00fcr Frieden und Freiheit"},"content":{"rendered":"<p><strong><a href=\"https:\/\/www.paxchristi.at\/wp-content\/uploads\/2025\/05\/6e516e0a-5195-44ea-b64f-13ea7ab55205.jpg\"><img decoding=\"async\" loading=\"lazy\" class=\" wp-image-10581 alignright\" src=\"https:\/\/www.paxchristi.at\/wp-content\/uploads\/2025\/05\/6e516e0a-5195-44ea-b64f-13ea7ab55205-1024x828.jpg\" alt=\"\" width=\"261\" height=\"211\" srcset=\"https:\/\/www.paxchristi.at\/wp-content\/uploads\/2025\/05\/6e516e0a-5195-44ea-b64f-13ea7ab55205-1024x828.jpg 1024w, https:\/\/www.paxchristi.at\/wp-content\/uploads\/2025\/05\/6e516e0a-5195-44ea-b64f-13ea7ab55205-300x242.jpg 300w, https:\/\/www.paxchristi.at\/wp-content\/uploads\/2025\/05\/6e516e0a-5195-44ea-b64f-13ea7ab55205-768x621.jpg 768w, https:\/\/www.paxchristi.at\/wp-content\/uploads\/2025\/05\/6e516e0a-5195-44ea-b64f-13ea7ab55205-1536x1241.jpg 1536w, https:\/\/www.paxchristi.at\/wp-content\/uploads\/2025\/05\/6e516e0a-5195-44ea-b64f-13ea7ab55205.jpg 1991w\" sizes=\"(max-width: 261px) 100vw, 261px\" \/><\/a>80 Jahre Frieden feiern &#8211; Ein Abend f\u00fcr Frieden und Freiheit<\/strong><\/p>\n<div>Unter diesem Motto fand am 8. Mai 2025 eine KBW-Veranstaltung im Pfarrheim Pucking statt, bei der Pax Christi Ober\u00f6sterreich-Vorsitzender Michael Huber-Kirchberger \u00fcber die Aktivit\u00e4ten von Pax Christi sprach. <!--more-->Vor einem kleinen Kreis interessierter Zuh\u00f6rer kamen Aktivit\u00e4ten auf regionaler, nationaler und internationaler Ebene zur Sprache. Pax Christi International feiert heuer das 80-j\u00e4hrige Bestehen.<\/div>\n<div>Der Abend klang mit engagierten Debatten \u00fcber den Pal\u00e4stinakonflikt und den Ukrainekrieg aus, zum Abschluss gab es noch einen Umtrunk mit Wein.<\/div>\n","protected":false},"excerpt":{"rendered":"<p>80 Jahre Frieden feiern &#8211; Ein Abend f\u00fcr Frieden und Freiheit Unter diesem Motto fand am 8. Mai 2025 eine KBW-Veranstaltung im Pfarrheim Pucking statt, bei der Pax Christi Ober\u00f6sterreich-Vorsitzender Michael Huber-Kirchberger \u00fcber die Aktivit\u00e4ten von Pax Christi sprach.<\/p>\n","protected":false},"author":1,"featured_media":0,"comment_status":"closed","ping_status":"closed","sticky":true,"template":"","format":"standard","meta":{"footnotes":""},"categories":[1],"tags":[],"_links":{"self":[{"href":"https:\/\/www.paxchristi.at\/index.php?rest_route=\/wp\/v2\/posts\/10582"}],"collection":[{"href":"https:\/\/www.paxchristi.at\/index.php?rest_route=\/wp\/v2\/posts"}],"about":[{"href":"https:\/\/www.paxchristi.at\/index.php?rest_route=\/wp\/v2\/types\/post"}],"author":[{"embeddable":true,"href":"https:\/\/www.paxchristi.at\/index.php?rest_route=\/wp\/v2\/users\/1"}],"replies":[{"embeddable":true,"href":"https:\/\/www.paxchristi.at\/index.php?rest_route=%2Fwp%2Fv2%2Fcomments&post=10582"}],"version-history":[{"count":1,"href":"https:\/\/www.paxchristi.at\/index.php?rest_route=\/wp\/v2\/posts\/10582\/revisions"}],"predecessor-version":[{"id":10583,"href":"https:\/\/www.paxchristi.at\/index.php?rest_route=\/wp\/v2\/posts\/10582\/revisions\/10583"}],"wp:attachment":[{"href":"https:\/\/www.paxchristi.at\/index.php?rest_route=%2Fwp%2Fv2%2Fmedia&parent=10582"}],"wp:term":[{"taxonomy":"category","embeddable":true,"href":"https:\/\/www.paxchristi.at\/index.php?rest_route=%2Fwp%2Fv2%2Fcategories&post=10582"},{"taxonomy":"post_tag","embeddable":true,"href":"https:\/\/www.paxchristi.at\/index.php?rest_route=%2Fwp%2Fv2%2Ftags&post=10582"}],"curies":[{"name":"wp","href":"https:\/\/api.w.org\/{rel}","templated":true}]}}