{"id":10686,"date":"2025-10-20T11:33:41","date_gmt":"2025-10-20T09:33:41","guid":{"rendered":"https:\/\/www.paxchristi.at\/?p=10686"},"modified":"2025-10-20T11:33:41","modified_gmt":"2025-10-20T09:33:41","slug":"friedensgottesdienst-anlaesslich-80-jahre-pax-christi-international-in-der-pfarrkirche-pichl","status":"publish","type":"post","link":"https:\/\/www.paxchristi.at\/?p=10686","title":{"rendered":"Friedensgottesdienst anl\u00e4sslich 80 Jahre Pax Christi International in der Pfarrkirche Pichl"},"content":{"rendered":"<p><a href=\"https:\/\/www.paxchristi.at\/wp-content\/uploads\/2025\/10\/0e4eae40-ea06-4787-b147-b7353713d6e9.jpg\"><img decoding=\"async\" loading=\"lazy\" class=\" wp-image-10687 alignright\" src=\"https:\/\/www.paxchristi.at\/wp-content\/uploads\/2025\/10\/0e4eae40-ea06-4787-b147-b7353713d6e9-576x1024.jpg\" alt=\"\" width=\"136\" height=\"242\" srcset=\"https:\/\/www.paxchristi.at\/wp-content\/uploads\/2025\/10\/0e4eae40-ea06-4787-b147-b7353713d6e9-576x1024.jpg 576w, https:\/\/www.paxchristi.at\/wp-content\/uploads\/2025\/10\/0e4eae40-ea06-4787-b147-b7353713d6e9-169x300.jpg 169w, https:\/\/www.paxchristi.at\/wp-content\/uploads\/2025\/10\/0e4eae40-ea06-4787-b147-b7353713d6e9-768x1365.jpg 768w, https:\/\/www.paxchristi.at\/wp-content\/uploads\/2025\/10\/0e4eae40-ea06-4787-b147-b7353713d6e9-864x1536.jpg 864w, https:\/\/www.paxchristi.at\/wp-content\/uploads\/2025\/10\/0e4eae40-ea06-4787-b147-b7353713d6e9.jpg 1125w\" sizes=\"(max-width: 136px) 100vw, 136px\" \/><\/a>Aus Anlass des 80-Jahr-Jubil\u00e4ums von Pax Christi International fand in der Pfarrkirche Pichl ein Friedensgottesdienst statt, der vom Kirchenchor mit Friedensliedern gestaltet wurde.<\/p>\n<p>In seiner Einleitung verwies Martin Kranzl-Greinecker auf Dom Helder Camara , den verstorbene Bischof von Recife, der\u00a0 meinte, er w\u00fcrde am liebsten jedem Kind einen Globus schenken, um seinen Horizont zu erweitern.<br \/>\n<!--more--><br \/>\nKranzl-Greinecker ging in seiner Predigt dann zun\u00e4chst auf die Entstehung von Pax Christi International nach dem Ende des 2. Weltkriegs ein und die Vers\u00f6hnungsbem\u00fchungen zwischen Deutschen und Franzosen, die aus Gebetstreffen entstanden.<\/p>\n<p>Drei Dinge sind f\u00fcr Frieden notwendig: soziale Sicherheit, Gerechtigkeit und Mitsprachem\u00f6glichkeiten. Anschlie\u00dfend zitierte er auch noch das Gebet &#8222;Das Gute z\u00e4hlt&#8220; aus dem KZ Ravensbr\u00fcck, in dem f\u00fcr die Verfolger gebetet wird, damit sie abstehen von ihrem Wahn, um \u00fcber die Wichtigkeit der Bereitschaft zur Vers\u00f6hnung hinzuweisen.<\/p>\n<p>&nbsp;<\/p>\n<p><strong>Gebet aus dem KZ Ravensbr\u00fcck<\/strong><\/p>\n<p><em>Das Gute z\u00e4hlt<\/em><\/p>\n<p><em>Friede den Menschen, die b\u00f6sen Willens sind, und ein Ende aller Rache und allen Redens \u00fcber Strafe und Z\u00fcchtigung. Die Grausamkeiten spotten allem je Dagewesenen, sie \u00fcberschreiten die Grenzen menschlichen Begreifens, und zahlreich sind die M\u00e4rtyrer.<\/em><\/p>\n<p><em>Daher, o Gott, w\u00e4ge nicht ihre Leiden auf den Schalen deiner Gerechtigkeit\u201a fordre nicht grausame Abrechnung, sondern schlage sie anders zu Buche:<\/em><\/p>\n<p><em>Lass sie zugutekommen allen Henkern, Verr\u00e4tern und Spionen und allen schlechten Menschen, und vergib ihnen um des Mutes und der Seelenkraft der andern willen.<\/em><\/p>\n<p><em>All das Gute sollte z\u00e4hlen, nicht das B\u00f6se. Und in der Erinnerung unserer Feinde sollten wir nicht als Opfer weiterleben, nicht als ihr Alptraum und gr\u00e4ssliche Gespenster, vielmehr ihnen zu Hilfe kommen, damit sie abstehen von ihrem Wahn:<\/em><\/p>\n<p><em>Nur dies allein wird ihnen abgefordert, und dass wir, wenn alles vorbei sein wird, leben d\u00fcrfen als Menschen unter Menschen, und dass wieder Friede sein m\u00f6ge auf dieser armen Erde den Menschen, die guten Willens sind, und dass dieser Friede auch zu den anderen komme.<\/em><\/p>\n","protected":false},"excerpt":{"rendered":"<p>Aus Anlass des 80-Jahr-Jubil\u00e4ums von Pax Christi International fand in der Pfarrkirche Pichl ein Friedensgottesdienst statt, der vom Kirchenchor mit Friedensliedern gestaltet wurde. In seiner Einleitung verwies Martin Kranzl-Greinecker auf Dom Helder Camara , den verstorbene Bischof von Recife, der\u00a0 meinte, er w\u00fcrde am liebsten jedem Kind einen Globus schenken, um seinen Horizont zu erweitern.<\/p>\n","protected":false},"author":1,"featured_media":0,"comment_status":"closed","ping_status":"closed","sticky":true,"template":"","format":"standard","meta":{"footnotes":""},"categories":[1],"tags":[],"_links":{"self":[{"href":"https:\/\/www.paxchristi.at\/index.php?rest_route=\/wp\/v2\/posts\/10686"}],"collection":[{"href":"https:\/\/www.paxchristi.at\/index.php?rest_route=\/wp\/v2\/posts"}],"about":[{"href":"https:\/\/www.paxchristi.at\/index.php?rest_route=\/wp\/v2\/types\/post"}],"author":[{"embeddable":true,"href":"https:\/\/www.paxchristi.at\/index.php?rest_route=\/wp\/v2\/users\/1"}],"replies":[{"embeddable":true,"href":"https:\/\/www.paxchristi.at\/index.php?rest_route=%2Fwp%2Fv2%2Fcomments&post=10686"}],"version-history":[{"count":1,"href":"https:\/\/www.paxchristi.at\/index.php?rest_route=\/wp\/v2\/posts\/10686\/revisions"}],"predecessor-version":[{"id":10688,"href":"https:\/\/www.paxchristi.at\/index.php?rest_route=\/wp\/v2\/posts\/10686\/revisions\/10688"}],"wp:attachment":[{"href":"https:\/\/www.paxchristi.at\/index.php?rest_route=%2Fwp%2Fv2%2Fmedia&parent=10686"}],"wp:term":[{"taxonomy":"category","embeddable":true,"href":"https:\/\/www.paxchristi.at\/index.php?rest_route=%2Fwp%2Fv2%2Fcategories&post=10686"},{"taxonomy":"post_tag","embeddable":true,"href":"https:\/\/www.paxchristi.at\/index.php?rest_route=%2Fwp%2Fv2%2Ftags&post=10686"}],"curies":[{"name":"wp","href":"https:\/\/api.w.org\/{rel}","templated":true}]}}