{"id":10689,"date":"2025-10-24T14:29:55","date_gmt":"2025-10-24T12:29:55","guid":{"rendered":"https:\/\/www.paxchristi.at\/?p=10689"},"modified":"2025-10-24T14:29:55","modified_gmt":"2025-10-24T12:29:55","slug":"vor-cop30-katholische-organisationen-warnen-vor-klimakriegen","status":"publish","type":"post","link":"https:\/\/www.paxchristi.at\/?p=10689","title":{"rendered":"Vor COP30: Katholische Organisationen warnen vor Klimakriegen"},"content":{"rendered":"<div class=\"article__subTitle\"><em>Vor der Weltklimakonferenz COP30 im November haben katholische Hilfs- und Friedenswerke vor den sicherheitspolitischen Folgen der Erderw\u00e4rmung gewarnt. Fehlender Klimaschutz versch\u00e4rfe Konflikte und bedrohe den Weltfrieden, Klimakriege w\u00fcrden wahrscheinlicher, erkl\u00e4rten Pax Christi International, Caritas Internationalis und CIDSE am Dienstag in Br\u00fcssel und Rom.<\/em><\/div>\n<div><\/div>\n<div class=\"article__text\"><!--more--><br \/>\nDie Organisationen sprechen von einem \u201eBedrohungsmultiplikator\u201c: Klimafolgen wie D\u00fcrren oder \u00dcberschwemmungen treiben Menschen in die Flucht und versch\u00e4rfen den Wettbewerb um Wasser, Land und Rohstoffe. \u201eEs kann keinen wahren Frieden ohne Klimagerechtigkeit geben, und keine Klimagerechtigkeit ohne Frieden\u201c, hei\u00dft es in der Stellungnahme.Der Klimagipfel findet von 10. bis 21. November in Belem in Brasilien statt. Kardinal Jaime Spengler, der Vorsitzende der brasilianischen Bischofskonferenz, erkl\u00e4rte, die Klimakrise fordere jeden Einzelnen dazu auf, Verantwortung f\u00fcr die Sch\u00f6pfung zu \u00fcbernehmen. \u201eWir m\u00fcssen mutig sein und unsere Stimme f\u00fcr einen gerechten Frieden erheben, der davon abh\u00e4ngt, dass wir uns gemeinsam um die Umwelt k\u00fcmmern.\u201c<\/p>\n<p><strong>Klimakrise und Konflikte<\/strong><\/p>\n<p>Caritas-Generalsekret\u00e4r Alistair Dutton warnte, die Klimakrise treibe bereits jetzt Konflikte um lebenswichtige G\u00fcter an. \u201eDie Geschichte zeigt, dass solcher Wettbewerb oft Kriege befeuert, w\u00e4hrend die \u00c4rmsten ums \u00dcberleben k\u00e4mpfen\u201c, so Dutton. Regierungen m\u00fcssten erkennen, dass Klimaschutz Voraussetzung f\u00fcr globalen Frieden sei.<\/p>\n<p>Martha Ines Romero, Generalsekret\u00e4rin von Pax Christi International, wies auf die Verflechtung von R\u00fcstungs- und fossiler Industrie hin. \u201eBeide leben von Ungleichheit und kurzfristigen Interessen statt vom langfristigen Gemeinwohl\u201c, so die Kolumbianerin. \u201eWir m\u00fcssen diesen Weg ablehnen und Systeme aktiver Gewaltfreiheit aufbauen.\u201c<\/p>\n<p><strong>Brennende Welt<\/strong><\/p>\n<p>CIDSE-Generalsekret\u00e4rin Josianne Gauthier aus Kanada sprach von einer Welt, die \u201ebrennt \u2013 von Klimakrise bis zu Kriegen auf mehreren Kontinenten\u201c. Regierungen m\u00fcssten den Ausstieg aus fossilen Energien schaffen und den Mut zu einer anderen Politik aufbringen.<\/p>\n<p>Auch die in Peru wirkende deutsche Theologin und Missions\u00e4rztliche Schwester Birgit Weiler warnte vor zunehmendem Leid durch Extremwetter. \u201eDie \u00c4rmsten, die am wenigsten zur Klimakrise beigetragen haben, leiden zuerst und am st\u00e4rksten\u201c, sagte sie. Ver\u00e4nderte Klimamuster w\u00fcrden dieses Leid noch vertiefen und Konflikte weiter anheizen. \u201eDie Ursachen der globalen Sicherheitskrise und der Klimakrise sind dieselben, ebenso wie die L\u00f6sungen \u2013 wir m\u00fcssen uns zu einem \u00f6kologischen Wandel verpflichten und Beziehungen untereinander, \u00fcber Grenzen hinweg und zwischen Mensch und Natur aufbauen.\u201c<\/p>\n<p>Die drei Organisationen riefen gemeinsam mit Papst Leo XIV. dazu auf, den Weg in Richtung Krieg zu stoppen und das Engagement f\u00fcr Frieden, Nachhaltigkeit und globale Gerechtigkeit zu erneuern.<\/p>\n<p><strong><a href=\"https:\/\/www.vaticannews.va\/de\/welt\/news\/2025-09\/vor-cop30-katholische-organisationen-warnen-vor-klimakriegen.html\">https:\/\/www.vaticannews.va\/de\/welt\/news\/2025-09\/vor-cop30-katholische-organisationen-warnen-vor-klimakriegen.html<\/a><\/strong><\/p>\n<\/div>\n","protected":false},"excerpt":{"rendered":"<p>Vor der Weltklimakonferenz COP30 im November haben katholische Hilfs- und Friedenswerke vor den sicherheitspolitischen Folgen der Erderw\u00e4rmung gewarnt. Fehlender Klimaschutz versch\u00e4rfe Konflikte und bedrohe den Weltfrieden, Klimakriege w\u00fcrden wahrscheinlicher, erkl\u00e4rten Pax Christi International, Caritas Internationalis und CIDSE am Dienstag in Br\u00fcssel und Rom.<\/p>\n","protected":false},"author":1,"featured_media":0,"comment_status":"closed","ping_status":"closed","sticky":true,"template":"","format":"standard","meta":{"footnotes":""},"categories":[1],"tags":[],"_links":{"self":[{"href":"https:\/\/www.paxchristi.at\/index.php?rest_route=\/wp\/v2\/posts\/10689"}],"collection":[{"href":"https:\/\/www.paxchristi.at\/index.php?rest_route=\/wp\/v2\/posts"}],"about":[{"href":"https:\/\/www.paxchristi.at\/index.php?rest_route=\/wp\/v2\/types\/post"}],"author":[{"embeddable":true,"href":"https:\/\/www.paxchristi.at\/index.php?rest_route=\/wp\/v2\/users\/1"}],"replies":[{"embeddable":true,"href":"https:\/\/www.paxchristi.at\/index.php?rest_route=%2Fwp%2Fv2%2Fcomments&post=10689"}],"version-history":[{"count":1,"href":"https:\/\/www.paxchristi.at\/index.php?rest_route=\/wp\/v2\/posts\/10689\/revisions"}],"predecessor-version":[{"id":10690,"href":"https:\/\/www.paxchristi.at\/index.php?rest_route=\/wp\/v2\/posts\/10689\/revisions\/10690"}],"wp:attachment":[{"href":"https:\/\/www.paxchristi.at\/index.php?rest_route=%2Fwp%2Fv2%2Fmedia&parent=10689"}],"wp:term":[{"taxonomy":"category","embeddable":true,"href":"https:\/\/www.paxchristi.at\/index.php?rest_route=%2Fwp%2Fv2%2Fcategories&post=10689"},{"taxonomy":"post_tag","embeddable":true,"href":"https:\/\/www.paxchristi.at\/index.php?rest_route=%2Fwp%2Fv2%2Ftags&post=10689"}],"curies":[{"name":"wp","href":"https:\/\/api.w.org\/{rel}","templated":true}]}}