{"id":10698,"date":"2025-11-10T10:49:13","date_gmt":"2025-11-10T09:49:13","guid":{"rendered":"https:\/\/www.paxchristi.at\/?p=10698"},"modified":"2025-11-10T10:49:13","modified_gmt":"2025-11-10T09:49:13","slug":"verleihung-des-friedenspreises-2025-von-pax-christi-international","status":"publish","type":"post","link":"https:\/\/www.paxchristi.at\/?p=10698","title":{"rendered":"Verleihung des Friedenspreises 2025 von Pax Christi International"},"content":{"rendered":"<p><a href=\"https:\/\/www.paxchristi.at\/wp-content\/uploads\/2025\/11\/Stenger-Wamuyu-Celino-Limon-Garcia.jpg\"><img decoding=\"async\" loading=\"lazy\" class=\" wp-image-10699 alignright\" src=\"https:\/\/www.paxchristi.at\/wp-content\/uploads\/2025\/11\/Stenger-Wamuyu-Celino-Limon-Garcia-1024x683.jpg\" alt=\"\" width=\"318\" height=\"212\" srcset=\"https:\/\/www.paxchristi.at\/wp-content\/uploads\/2025\/11\/Stenger-Wamuyu-Celino-Limon-Garcia-1024x683.jpg 1024w, https:\/\/www.paxchristi.at\/wp-content\/uploads\/2025\/11\/Stenger-Wamuyu-Celino-Limon-Garcia-300x200.jpg 300w, https:\/\/www.paxchristi.at\/wp-content\/uploads\/2025\/11\/Stenger-Wamuyu-Celino-Limon-Garcia-768x512.jpg 768w, https:\/\/www.paxchristi.at\/wp-content\/uploads\/2025\/11\/Stenger-Wamuyu-Celino-Limon-Garcia.jpg 1384w\" sizes=\"(max-width: 318px) 100vw, 318px\" \/><\/a>Im Rahmen der Weltversammlung von Pax Christi International, die von 5. bis 9. November 2025 in Florenz stattfand, wurde am letzten Tag der seit 1988 vom Kardinal Alfrink Fonds gestiftete Friedenspreis verliehen. Jedes Jahr werden Organisationen aus einer bestimmten Region gew\u00fcrdigt. Dieses Jahr ging der Preis an Bischof Mark Seitz aus El Paso, sowie einige weitere Organisationen, die sich seit vielen Jahren in der Betreuung und Unterst\u00fctzung von Migranten engagieren. Bischof Seitz, der nicht selbst kommen konnte, wurde mit einer Videobotschaft zugeschaltet. An seiner Stelle \u00fcbernahmen sein <strong>Weihbischof Tony Celino <\/strong>und <strong>Melissa Lopez <\/strong>den Preis. Er feierte zusammen mit Bischof Marc Stenger, dem Co-Pr\u00e4sidenten von Pax Christi International eine viersprachige Messe.<br \/>\n<!--more--><br \/>\n2024 wurden 64,008 Menschen in El Paso betreut, laut Melissa Lopez waren es weit \u00fcber eine halber Million Migranten, die in den letzten 40 Jahren von der Institution Estrelle del Paso betreut wurden.<\/p>\n<p>Au\u00dferdem wurden noch 3 weitere Organisationen ausgezeichnet, die seit Jahren in El Paso t\u00e4tig sind: Das <strong>Annunciation House<\/strong>, ein Zufluchtsort f\u00fcr Migranten und ihre Familien in El Paso, das vor mehr als vierzig Jahren von <strong>Rub\u00e9n Garc\u00eda <\/strong>w\u00e4hrend eines Besuchs an der Grenze durch Mutter Teresa gegr\u00fcndet wurde .Das <strong>Hope Border Institute<\/strong>, dessen Direktor <strong>Dylan Corbett <\/strong>und sein multikulturelles Team, enge Berater von Bischof Seitz und starke F\u00fcrsprecher der Rechte von Migranten sind, sowie das <strong>Las Americas Immigrant Advocacy Center<\/strong>, dessen Gesch\u00e4ftsf\u00fchrerin <strong>Marisa Lim\u00f3n Garza <\/strong>und ihr multikulturelles Team Tausenden von Migranten und ihren Familien dabei geholfen, in den Vereinigten Staaten Asyl zu beantragen.<\/p>\n","protected":false},"excerpt":{"rendered":"<p>Im Rahmen der Weltversammlung von Pax Christi International, die von 5. bis 9. November 2025 in Florenz stattfand, wurde am letzten Tag der seit 1988 vom Kardinal Alfrink Fonds gestiftete Friedenspreis verliehen. Jedes Jahr werden Organisationen aus einer bestimmten Region gew\u00fcrdigt. Dieses Jahr ging der Preis an Bischof Mark Seitz aus El Paso, sowie einige &hellip; <\/p>\n<p class=\"link-more\"><a href=\"https:\/\/www.paxchristi.at\/?p=10698\" class=\"more-link\"><span class=\"screen-reader-text\">\u201eVerleihung des Friedenspreises 2025 von Pax Christi International\u201c<\/span> weiterlesen<\/a><\/p>\n","protected":false},"author":1,"featured_media":0,"comment_status":"closed","ping_status":"closed","sticky":true,"template":"","format":"standard","meta":{"footnotes":""},"categories":[1],"tags":[],"_links":{"self":[{"href":"https:\/\/www.paxchristi.at\/index.php?rest_route=\/wp\/v2\/posts\/10698"}],"collection":[{"href":"https:\/\/www.paxchristi.at\/index.php?rest_route=\/wp\/v2\/posts"}],"about":[{"href":"https:\/\/www.paxchristi.at\/index.php?rest_route=\/wp\/v2\/types\/post"}],"author":[{"embeddable":true,"href":"https:\/\/www.paxchristi.at\/index.php?rest_route=\/wp\/v2\/users\/1"}],"replies":[{"embeddable":true,"href":"https:\/\/www.paxchristi.at\/index.php?rest_route=%2Fwp%2Fv2%2Fcomments&post=10698"}],"version-history":[{"count":1,"href":"https:\/\/www.paxchristi.at\/index.php?rest_route=\/wp\/v2\/posts\/10698\/revisions"}],"predecessor-version":[{"id":10700,"href":"https:\/\/www.paxchristi.at\/index.php?rest_route=\/wp\/v2\/posts\/10698\/revisions\/10700"}],"wp:attachment":[{"href":"https:\/\/www.paxchristi.at\/index.php?rest_route=%2Fwp%2Fv2%2Fmedia&parent=10698"}],"wp:term":[{"taxonomy":"category","embeddable":true,"href":"https:\/\/www.paxchristi.at\/index.php?rest_route=%2Fwp%2Fv2%2Fcategories&post=10698"},{"taxonomy":"post_tag","embeddable":true,"href":"https:\/\/www.paxchristi.at\/index.php?rest_route=%2Fwp%2Fv2%2Ftags&post=10698"}],"curies":[{"name":"wp","href":"https:\/\/api.w.org\/{rel}","templated":true}]}}