{"id":10848,"date":"2026-04-27T11:40:15","date_gmt":"2026-04-27T09:40:15","guid":{"rendered":"https:\/\/www.paxchristi.at\/?p=10848"},"modified":"2026-04-27T11:42:22","modified_gmt":"2026-04-27T09:42:22","slug":"joint-memorial-day-friedensfeier-fuer-palaestina-und-israel","status":"publish","type":"post","link":"https:\/\/www.paxchristi.at\/?p=10848","title":{"rendered":"Joint Memorial Day: Friedensfeier f\u00fcr Pal\u00e4stina und Israel"},"content":{"rendered":"<p><a href=\"https:\/\/www.paxchristi.at\/wp-content\/uploads\/2026\/04\/55221937499_a95cbb66e7_o-scaled.jpg\"><img decoding=\"async\" loading=\"lazy\" class=\" wp-image-10849 alignright\" src=\"https:\/\/www.paxchristi.at\/wp-content\/uploads\/2026\/04\/55221937499_a95cbb66e7_o-768x1024.jpg\" alt=\"\" width=\"317\" height=\"423\" srcset=\"https:\/\/www.paxchristi.at\/wp-content\/uploads\/2026\/04\/55221937499_a95cbb66e7_o-768x1024.jpg 768w, https:\/\/www.paxchristi.at\/wp-content\/uploads\/2026\/04\/55221937499_a95cbb66e7_o-225x300.jpg 225w, https:\/\/www.paxchristi.at\/wp-content\/uploads\/2026\/04\/55221937499_a95cbb66e7_o-1152x1536.jpg 1152w, https:\/\/www.paxchristi.at\/wp-content\/uploads\/2026\/04\/55221937499_a95cbb66e7_o-1536x2048.jpg 1536w, https:\/\/www.paxchristi.at\/wp-content\/uploads\/2026\/04\/55221937499_a95cbb66e7_o-scaled.jpg 1920w\" sizes=\"(max-width: 317px) 100vw, 317px\" \/><\/a>Vor dem Hintergrund unermesslichen Leidens haben sich einander Pal\u00e4stinenser*innen und Israelis in einer Gedenkfeier am 20. April 2026 die H\u00e4nde f\u00fcr eine gemeinsame Zukunft gereicht. Gleichzeitig versammelten sich vergangene Woche an vielen Orten weltweit Menschen in Solidarit\u00e4t mit ihrem Leiden, aber auch mit ihrer festen Entschlossenheit, an einer gemeinsamen Zukunft zu arbeiten. So wurden unter anderem auch am Afro-Asiatischen Institut in Salzburg und in der Chapel for Europe in Br\u00fcssel Live-\u00dcbertragungen der Zeremonie organisiert.<!--more--><\/p>\n<p data-start=\"265\" data-end=\"720\">Organisiert vom <span class=\"hover:entity-accent entity-underline inline cursor-pointer align-baseline\"><span class=\"whitespace-normal\">Parents\u2019 Circle Families Forum<\/span><\/span> und von <span class=\"hover:entity-accent entity-underline inline cursor-pointer align-baseline\"><span class=\"whitespace-normal\">Combatants for Peace<\/span><\/span>, bot die Veranstaltung die Gelegenheit, durch bewegende Geschichten und Zeugnisse die Perspektiven von Menschen kennenzulernen, die auf zwei unterschiedlichen Seiten um ihre in den Schrecken des Krieges verlorenen Angeh\u00f6rigen trauern und mit einer gemeinsamen Stimme zu Frieden und einem Ende des Leidens aufrufen.<\/p>\n<p data-start=\"886\" data-end=\"1482\">So zum Beispiel von Liora, deren Sohn Tal am 7. Oktober in Kfar Aza von Hamas-Terroristen get\u00f6tet wurde, bis zu Kholoud, die ihren Sohn Muhammad verlor, der im Januar 2024 in Jenin von den IDF get\u00f6tet wurde und deren anderer Sohn noch immer als Geisel festgehalten wird, bis hin zu Ayala, deren Schwiegereltern nach Gaza entf\u00fchrt wurden und deren Schwiegervater get\u00f6tet wurde, sowie Mohamed, der nach der T\u00f6tung seines Neffen Muhammad beschloss, nicht l\u00e4nger zu schweigen \u2013 der gemeinsame Ruf nach Gewaltfreiheit wird weiterhin als der einzig gangbare Weg anerkannt, damit ein so tiefes Leid nie wieder erfahren werden muss.<\/p>\n<p data-start=\"1484\" data-end=\"1710\">Die Lieder, geschrieben mit Versen auf Arabisch und Hebr\u00e4isch, trugen dazu bei, ein Gef\u00fchl der Einheit zu vermitteln sowie auf ein Ziel zu verweisen, das t\u00e4glich durch Dialog und Vers\u00f6hnung verfolgt werden muss.<\/p>\n<p data-start=\"1712\" data-end=\"2022\" data-is-last-node=\"\" data-is-only-node=\"\"><strong>Fotos und Videos von der \u00dcbertragung der Zeremonie in der Chapel for Europe in Br\u00fcssel finden Sie <a href=\"https:\/\/www.flickr.com\/photos\/paxchristi_int\/albums\/72177720333240804\/\">hier<\/a>.\u00a0<\/strong><\/p>\n","protected":false},"excerpt":{"rendered":"<p>Vor dem Hintergrund unermesslichen Leidens haben sich einander Pal\u00e4stinenser*innen und Israelis in einer Gedenkfeier am 20. April 2026 die H\u00e4nde f\u00fcr eine gemeinsame Zukunft gereicht. Gleichzeitig versammelten sich vergangene Woche an vielen Orten weltweit Menschen in Solidarit\u00e4t mit ihrem Leiden, aber auch mit ihrer festen Entschlossenheit, an einer gemeinsamen Zukunft zu arbeiten. So wurden unter &hellip; <\/p>\n<p class=\"link-more\"><a href=\"https:\/\/www.paxchristi.at\/?p=10848\" class=\"more-link\"><span class=\"screen-reader-text\">\u201eJoint Memorial Day: Friedensfeier f\u00fcr Pal\u00e4stina und Israel\u201c<\/span> weiterlesen<\/a><\/p>\n","protected":false},"author":1,"featured_media":0,"comment_status":"closed","ping_status":"closed","sticky":true,"template":"","format":"standard","meta":{"footnotes":""},"categories":[1],"tags":[],"_links":{"self":[{"href":"https:\/\/www.paxchristi.at\/index.php?rest_route=\/wp\/v2\/posts\/10848"}],"collection":[{"href":"https:\/\/www.paxchristi.at\/index.php?rest_route=\/wp\/v2\/posts"}],"about":[{"href":"https:\/\/www.paxchristi.at\/index.php?rest_route=\/wp\/v2\/types\/post"}],"author":[{"embeddable":true,"href":"https:\/\/www.paxchristi.at\/index.php?rest_route=\/wp\/v2\/users\/1"}],"replies":[{"embeddable":true,"href":"https:\/\/www.paxchristi.at\/index.php?rest_route=%2Fwp%2Fv2%2Fcomments&post=10848"}],"version-history":[{"count":3,"href":"https:\/\/www.paxchristi.at\/index.php?rest_route=\/wp\/v2\/posts\/10848\/revisions"}],"predecessor-version":[{"id":10852,"href":"https:\/\/www.paxchristi.at\/index.php?rest_route=\/wp\/v2\/posts\/10848\/revisions\/10852"}],"wp:attachment":[{"href":"https:\/\/www.paxchristi.at\/index.php?rest_route=%2Fwp%2Fv2%2Fmedia&parent=10848"}],"wp:term":[{"taxonomy":"category","embeddable":true,"href":"https:\/\/www.paxchristi.at\/index.php?rest_route=%2Fwp%2Fv2%2Fcategories&post=10848"},{"taxonomy":"post_tag","embeddable":true,"href":"https:\/\/www.paxchristi.at\/index.php?rest_route=%2Fwp%2Fv2%2Ftags&post=10848"}],"curies":[{"name":"wp","href":"https:\/\/api.w.org\/{rel}","templated":true}]}}