{"id":1876,"date":"2011-05-15T08:37:56","date_gmt":"2011-05-15T08:37:56","guid":{"rendered":"http:\/\/www.paxchristi.at\/?p=1876"},"modified":"2015-07-16T10:17:40","modified_gmt":"2015-07-16T08:17:40","slug":"21-mai-2011-1215-uhr-mariendom-linz-mittagsgebet-eine-rose-fur-franz-jagerstatter","status":"publish","type":"post","link":"https:\/\/www.paxchristi.at\/?p=1876","title":{"rendered":"21. Mai 2011, 12:15 Uhr, Mariendom Linz: Mittagsgebet \u201eEine Rose f\u00fcr Franz J\u00e4gerst\u00e4tter\u201c"},"content":{"rendered":"<p>\n\t&nbsp;\n<\/p>\n<p class=\"MsoNormal\">\n\tZum liturgischen Gedenktag des Seligen Franz J&auml;gerst&auml;tter gestaltet Pax Christi am <strong>Samstag, den 21. Mai 2011 um 12:15 Uhr<\/strong> im Mariendom Linz das Mittagsgebet. Anschlie&szlig;end werden bei der J&auml;gerst&auml;tter-Stele Rosen niedergelegt.\n<\/p>\n<p class=\"MsoNormal\">\n\tWeitere Termine unter www.jaegerstaetter.at<\/p>\n","protected":false},"excerpt":{"rendered":"<p>&nbsp; Zum liturgischen Gedenktag des Seligen Franz J&auml;gerst&auml;tter gestaltet Pax Christi am Samstag, den 21. Mai 2011 um 12:15 Uhr im Mariendom Linz das Mittagsgebet. Anschlie&szlig;end werden bei der J&auml;gerst&auml;tter-Stele Rosen niedergelegt. Weitere Termine unter www.jaegerstaetter.at<\/p>\n","protected":false},"author":2,"featured_media":0,"comment_status":"closed","ping_status":"closed","sticky":false,"template":"","format":"standard","meta":{"footnotes":""},"categories":[7,39],"tags":[165],"_links":{"self":[{"href":"https:\/\/www.paxchristi.at\/index.php?rest_route=\/wp\/v2\/posts\/1876"}],"collection":[{"href":"https:\/\/www.paxchristi.at\/index.php?rest_route=\/wp\/v2\/posts"}],"about":[{"href":"https:\/\/www.paxchristi.at\/index.php?rest_route=\/wp\/v2\/types\/post"}],"author":[{"embeddable":true,"href":"https:\/\/www.paxchristi.at\/index.php?rest_route=\/wp\/v2\/users\/2"}],"replies":[{"embeddable":true,"href":"https:\/\/www.paxchristi.at\/index.php?rest_route=%2Fwp%2Fv2%2Fcomments&post=1876"}],"version-history":[{"count":10,"href":"https:\/\/www.paxchristi.at\/index.php?rest_route=\/wp\/v2\/posts\/1876\/revisions"}],"predecessor-version":[{"id":6959,"href":"https:\/\/www.paxchristi.at\/index.php?rest_route=\/wp\/v2\/posts\/1876\/revisions\/6959"}],"wp:attachment":[{"href":"https:\/\/www.paxchristi.at\/index.php?rest_route=%2Fwp%2Fv2%2Fmedia&parent=1876"}],"wp:term":[{"taxonomy":"category","embeddable":true,"href":"https:\/\/www.paxchristi.at\/index.php?rest_route=%2Fwp%2Fv2%2Fcategories&post=1876"},{"taxonomy":"post_tag","embeddable":true,"href":"https:\/\/www.paxchristi.at\/index.php?rest_route=%2Fwp%2Fv2%2Ftags&post=1876"}],"curies":[{"name":"wp","href":"https:\/\/api.w.org\/{rel}","templated":true}]}}