{"id":1957,"date":"2011-05-24T13:52:43","date_gmt":"2011-05-24T13:52:43","guid":{"rendered":"http:\/\/www.paxchristi.at\/?p=1957"},"modified":"2015-07-16T10:27:29","modified_gmt":"2015-07-16T08:27:29","slug":"ruckblick-auf-den-jagerstatter-gedenktag-vom-21-05-2011","status":"publish","type":"post","link":"https:\/\/www.paxchristi.at\/?p=1957","title":{"rendered":"R\u00fcckblick auf den J\u00e4gerst\u00e4tter Gedenktag vom 21.05.2011"},"content":{"rendered":"<blockquote>\n<p>\n\t\t<strong>Ein Wochenende im Zeichen des Gedenkens an den Seligen Franz J&auml;gerst&auml;tter<\/strong>\n\t<\/p>\n<p>\n\t\tRund um den 21. Mai 2011 kamen in verschiedenen Teilen Ober&ouml;sterreichs Menschen und Gl&auml;ubige zusammen, um des Seligen Franz J&auml;gerst&auml;tter zu gedenken. Am 21. Mai, dem Tauftag Franz J&auml;gerst&auml;tters ist der kirchliche Gedenktag des 2007 seliggesprochenen M&auml;rtyrers der NS-Zeit.\n\t<\/p>\n<p>\n\t\tIn St. Radegund kam die Katholische M&auml;nnerbewegung zur Sternwallfahrt zusammen, in Linz wurden Rosen f&uuml;r Franz J&auml;gerst&auml;tter bei der Reliquienstele im Linzer Mariendom w&auml;hrend eines Gebetes niedergelegt, in Ried i.I wurde erstmals ein J&auml;gerst&auml;ttergedenken begangen, in V&ouml;cklabruck kam die Franziskanische Gemeinschaft zusammen, der auch Franz und Franziska J&auml;gerst&auml;tter angeh&ouml;rten.\n\t<\/p>\n<\/blockquote>\n<p>\n\t<em><strong>Textquelle:<\/strong><\/em> <a href=\"http:\/\/www.dioezese-linz.at\/redaktion\/index.php?page_new=859\" target=\"_blank\">http:\/\/www.dioezese-linz.at\/redaktion\/index.php?page_new=859<\/a>\n<\/p>\n<p style=\"margin-left: 80px\">\n\t<a href=\"http:\/\/www.paxchristi.at\/wp-content\/uploads\/2011\/05\/Domm+Mittagsgebet+2011+5.jpg\"><img decoding=\"async\" loading=\"lazy\" alt=\"\" class=\"alignnone size-thumbnail wp-image-1960\" height=\"150\" src=\"http:\/\/www.paxchristi.at\/wp-content\/uploads\/2011\/05\/Domm+Mittagsgebet+2011+5-150x150.jpg\" title=\"Domm+Mittagsgebet+2011+5\" width=\"150\" \/><\/a><a href=\"http:\/\/www.paxchristi.at\/wp-content\/uploads\/2011\/05\/Dom+Mittagsgebet+2011+3.jpg\"><img decoding=\"async\" loading=\"lazy\" alt=\"\" class=\"alignnone size-thumbnail wp-image-1959\" height=\"150\" src=\"http:\/\/www.paxchristi.at\/wp-content\/uploads\/2011\/05\/Dom+Mittagsgebet+2011+3-150x150.jpg\" title=\"Dom+Mittagsgebet+2011+3\" width=\"150\" \/><\/a><a href=\"http:\/\/www.paxchristi.at\/wp-content\/uploads\/2011\/05\/Dom+Mittagsgebet+2001+1.jpg\"><img decoding=\"async\" loading=\"lazy\" alt=\"\" class=\"alignnone size-thumbnail wp-image-1958\" height=\"150\" src=\"http:\/\/www.paxchristi.at\/wp-content\/uploads\/2011\/05\/Dom+Mittagsgebet+2001+1-150x150.jpg\" title=\"Dom+Mittagsgebet+2001+1\" width=\"150\" \/><\/a>\n<\/p>\n<p>\n\t<strong>Bilder vom Mittagsgebet f&uuml;r Franz J&auml;gerst&auml;tter im Linzer Mariendom<\/strong><\/p>\n","protected":false},"excerpt":{"rendered":"<p>Ein Wochenende im Zeichen des Gedenkens an den Seligen Franz J&auml;gerst&auml;tter Rund um den 21. Mai 2011 kamen in verschiedenen Teilen Ober&ouml;sterreichs Menschen und Gl&auml;ubige zusammen, um des Seligen Franz J&auml;gerst&auml;tter zu gedenken. Am 21. Mai, dem Tauftag Franz J&auml;gerst&auml;tters ist der kirchliche Gedenktag des 2007 seliggesprochenen M&auml;rtyrers der NS-Zeit. In St. Radegund kam die &hellip; <\/p>\n<p class=\"link-more\"><a href=\"https:\/\/www.paxchristi.at\/?p=1957\" class=\"more-link\"><span class=\"screen-reader-text\">\u201eR\u00fcckblick auf den J\u00e4gerst\u00e4tter Gedenktag vom 21.05.2011\u201c<\/span> weiterlesen<\/a><\/p>\n","protected":false},"author":1,"featured_media":0,"comment_status":"closed","ping_status":"closed","sticky":false,"template":"","format":"standard","meta":{"footnotes":""},"categories":[7,6,4,1],"tags":[165,401,402,403],"_links":{"self":[{"href":"https:\/\/www.paxchristi.at\/index.php?rest_route=\/wp\/v2\/posts\/1957"}],"collection":[{"href":"https:\/\/www.paxchristi.at\/index.php?rest_route=\/wp\/v2\/posts"}],"about":[{"href":"https:\/\/www.paxchristi.at\/index.php?rest_route=\/wp\/v2\/types\/post"}],"author":[{"embeddable":true,"href":"https:\/\/www.paxchristi.at\/index.php?rest_route=\/wp\/v2\/users\/1"}],"replies":[{"embeddable":true,"href":"https:\/\/www.paxchristi.at\/index.php?rest_route=%2Fwp%2Fv2%2Fcomments&post=1957"}],"version-history":[{"count":12,"href":"https:\/\/www.paxchristi.at\/index.php?rest_route=\/wp\/v2\/posts\/1957\/revisions"}],"predecessor-version":[{"id":6966,"href":"https:\/\/www.paxchristi.at\/index.php?rest_route=\/wp\/v2\/posts\/1957\/revisions\/6966"}],"wp:attachment":[{"href":"https:\/\/www.paxchristi.at\/index.php?rest_route=%2Fwp%2Fv2%2Fmedia&parent=1957"}],"wp:term":[{"taxonomy":"category","embeddable":true,"href":"https:\/\/www.paxchristi.at\/index.php?rest_route=%2Fwp%2Fv2%2Fcategories&post=1957"},{"taxonomy":"post_tag","embeddable":true,"href":"https:\/\/www.paxchristi.at\/index.php?rest_route=%2Fwp%2Fv2%2Ftags&post=1957"}],"curies":[{"name":"wp","href":"https:\/\/api.w.org\/{rel}","templated":true}]}}