{"id":6597,"date":"2015-05-17T11:35:32","date_gmt":"2015-05-17T09:35:32","guid":{"rendered":"http:\/\/www.paxchristi.at\/?p=6597"},"modified":"2015-05-20T11:29:55","modified_gmt":"2015-05-20T09:29:55","slug":"pax-christi-international-bedauert-einreiseverweigerung-fuer-generalsekretaer-nach-palaestinaisrael","status":"publish","type":"post","link":"https:\/\/www.paxchristi.at\/?p=6597","title":{"rendered":"Pax Christi International bedauert Einreiseverweigerung f\u00fcr Generalsekret\u00e4r Jos\u00e9 Henriquez nach Pal\u00e4stina\/Israel"},"content":{"rendered":"<p style=\"text-align: justify;\">\n\t<span style=\"font-family:verdana,geneva,sans-serif;\"><span style=\"font-size:14px;\">Pax Christi International bedauert zutiefst, dass Jos&eacute; Henriquez, unser Generalsekret&auml;r, nicht bei uns in Bethlehem bei unserer Weltversammlung und den Feiern zum 70. Jahrestag ist.<\/span><\/span>\n<\/p>\n<p>\n\t<!--more-->\n<\/p>\n<p style=\"text-align: justify;\">\n\t<span style=\"font-family:verdana,geneva,sans-serif;\"><span style=\"font-size:14px;\">Die Abwesenheit von Jos&eacute; in Folge der verweigerten Einreise nach Pal&auml;stina\/Israel durch die israelischen Beh&ouml;rden erf&uuml;llt uns mit gro&szlig;er Trauer. Wir stehen voll hinter unserem Generalsekret&auml;r. Wir kennen ihn als integren Menschen und k&ouml;nnen uns keinen Grund vorstellen, warum ihm die Einreise verweigert werden sollte.<\/span><\/span>\n<\/p>\n<p>\n\t<span style=\"font-family:verdana,geneva,sans-serif;\"><span style=\"font-size:14px;\">Jos&eacute; &uuml;bte in Amman scharfe Kritik an der Entscheidung der israelischen Grenzbeamten und f&uuml;gte hinzu: &bdquo;Ich erlebe diese Erfahrung in tiefempfundener Solidarit&auml;t mit den pal&auml;stinensischen Menschen. Das ist nur ein kleiner Teil von dem, was sie erfahren m&uuml;ssen, wenn ihnen der Zugang nach Ost-Jerusalem zur medizinischen Versorgung, zu Familientreffen oder selbst zu religi&ouml;sen Feierlichkeiten verwehrt wird.&ldquo;<\/span><\/span>\n<\/p>\n<p>\n\t<span style=\"font-family:verdana,geneva,sans-serif;\"><span style=\"font-size:14px;\">150 Pax-Christi-Mitglieder aus der ganzen Welt haben sich an Jesu Geburtsort versammelt, einem besonderen Ort des Friedens und des guten Willens f&uuml;r alle, ein Ort tiefer religi&ouml;ser Bedeutung f&uuml;r uns und f&uuml;r den Frieden in der Welt. Hier wollen wir unser Engagement f&uuml;r Gerechtigkeit und Vergebung, Frieden und Gerechtigkeit f&uuml;r alle erneuern.<\/span><\/span>\n<\/p>\n<p>\n\t<span style=\"font-family:verdana,geneva,sans-serif;\"><span style=\"font-size:14px;\">Der Vorstand von Pax Christi International<br \/>\n\tBethlehem, 16. Mai 2015<\/span><\/span><\/p>\n","protected":false},"excerpt":{"rendered":"<p>Pax Christi International bedauert zutiefst, dass Jos&eacute; Henriquez, unser Generalsekret&auml;r, nicht bei uns in Bethlehem bei unserer Weltversammlung und den Feiern zum 70. Jahrestag ist.<\/p>\n","protected":false},"author":1,"featured_media":0,"comment_status":"closed","ping_status":"closed","sticky":true,"template":"","format":"standard","meta":{"footnotes":""},"categories":[173],"tags":[],"_links":{"self":[{"href":"https:\/\/www.paxchristi.at\/index.php?rest_route=\/wp\/v2\/posts\/6597"}],"collection":[{"href":"https:\/\/www.paxchristi.at\/index.php?rest_route=\/wp\/v2\/posts"}],"about":[{"href":"https:\/\/www.paxchristi.at\/index.php?rest_route=\/wp\/v2\/types\/post"}],"author":[{"embeddable":true,"href":"https:\/\/www.paxchristi.at\/index.php?rest_route=\/wp\/v2\/users\/1"}],"replies":[{"embeddable":true,"href":"https:\/\/www.paxchristi.at\/index.php?rest_route=%2Fwp%2Fv2%2Fcomments&post=6597"}],"version-history":[{"count":3,"href":"https:\/\/www.paxchristi.at\/index.php?rest_route=\/wp\/v2\/posts\/6597\/revisions"}],"predecessor-version":[{"id":6600,"href":"https:\/\/www.paxchristi.at\/index.php?rest_route=\/wp\/v2\/posts\/6597\/revisions\/6600"}],"wp:attachment":[{"href":"https:\/\/www.paxchristi.at\/index.php?rest_route=%2Fwp%2Fv2%2Fmedia&parent=6597"}],"wp:term":[{"taxonomy":"category","embeddable":true,"href":"https:\/\/www.paxchristi.at\/index.php?rest_route=%2Fwp%2Fv2%2Fcategories&post=6597"},{"taxonomy":"post_tag","embeddable":true,"href":"https:\/\/www.paxchristi.at\/index.php?rest_route=%2Fwp%2Fv2%2Ftags&post=6597"}],"curies":[{"name":"wp","href":"https:\/\/api.w.org\/{rel}","templated":true}]}}