{"id":7304,"date":"2016-03-08T11:44:13","date_gmt":"2016-03-08T10:44:13","guid":{"rendered":"http:\/\/www.paxchristi.at\/?p=7304"},"modified":"2016-03-08T11:54:25","modified_gmt":"2016-03-08T10:54:25","slug":"studientag-am-11-3-2016-ruestungsatlas-oesterreich-der-beitrag-oesterreichs-zu-militarisierung-und-krieg","status":"publish","type":"post","link":"https:\/\/www.paxchristi.at\/?p=7304","title":{"rendered":"Studientag am 11.3.2016: R\u00fcstungsatlas \u00d6sterreich &#8211; der Beitrag \u00d6sterreichs zu Militarisierung und Krieg"},"content":{"rendered":"<p style=\"text-align: justify;\">\n\t<span style=\"font-family:verdana,geneva,sans-serif;\"><span style=\"font-size:14px;\">Pax Christi &Ouml;sterreich beabsichtigt in Kooperation mit dem Internationalen Vers&ouml;hnungsbund &ndash; IFOR Austria&nbsp;und der Steirischen Friedensplattform sowie gemeinsam mit weiteren Friedensorganisationen seri&ouml;se Daten zu sammeln und einen &bdquo;R&uuml;stungsatlas &Ouml;sterreich&ldquo; zu erstellen. Der Studientag bietet die M&ouml;glichkeit sich dazu auszutauschen und gemeinsam&nbsp;Themen zu erarbeiten.<\/span><\/span>\n<\/p>\n<p>\n\t<!--more-->\n<\/p>\n<p style=\"text-align: justify;\">\n\t<span style=\"font-family:verdana,geneva,sans-serif;\"><span style=\"font-size:14px;\">Friedensinitiativen und interessierte AktivistInnen sind zur Mitarbeit eingeladen. Um Unterst&uuml;tzung und nach M&ouml;glichkeit Mittr&auml;gerschaft wird gebeten.<\/span><\/span>\n<\/p>\n<p style=\"text-align: justify;\">\n\t<span style=\"font-family:verdana,geneva,sans-serif;\"><span style=\"font-size:14px;\">Eine Annahme: &Ouml;sterreichische Firmen sind beteiligt an der Waffenproduktion, direkt und indirekt, beteiligt als Zulieferfirmen, beteiligt an Waffenexporten an Drittl&auml;nder, welche die Waffen an kriegsf&uuml;hrende L&auml;nder weitervermitteln.&nbsp;Mit dem &quot;R&uuml;stungsatlas &Ouml;sterreich&quot;&nbsp;sollen Unschuldsvermutungen hinterfragt werden und beweisbare Fakten bekannt werden.&nbsp;<\/span><\/span>\n<\/p>\n<p style=\"text-align: justify;\">\n\t<span style=\"font-family:verdana,geneva,sans-serif;\"><span style=\"font-size:14px;\">Eine Veranstaltung von Pax Christi &Ouml;sterreich in Kooperation mit dem Internationalen Vers&ouml;hnungsbund &ndash; IFOR Austria&nbsp;und der Steirischen Friedensplattform<\/span><\/span>\n<\/p>\n<p>\n\t<span style=\"font-family:verdana,geneva,sans-serif;\"><span style=\"font-size:14px;\">Zum Flyer geht es <a href=\"http:\/\/www.paxchristi.at\/wp-content\/uploads\/2016\/03\/R\u00fcstungsatlas-\u00d6sterreich_Studientag-11.3.16.pdf\" rel=\"\">hier<\/a><\/span><\/span><br \/>\n\t&nbsp;\n<\/p>\n<p>\n\t<span style=\"font-family:verdana,geneva,sans-serif;\"><span style=\"font-size:14px;\"><b>Programm:<\/b><\/span><\/span><br \/>\n\t&nbsp;\n<\/p>\n<p>\n\t<span style=\"font-family:verdana,geneva,sans-serif;\"><span style=\"font-size:14px;\">15:00&nbsp;&nbsp; Begr&uuml;&szlig;ung und Kurzstatements der Mitglieder der Vorbereitungsgruppe<\/span><\/span>\n<\/p>\n<p>\n\t<span style=\"font-family:verdana,geneva,sans-serif;\"><span style=\"font-size:14px;\">&nbsp;&nbsp;&nbsp;&nbsp;&nbsp;&nbsp;&nbsp;&nbsp;&nbsp;&nbsp;&nbsp; und der vertretenen Friedens- und Menschenrechtsgruppen<\/span><\/span>\n<\/p>\n<p>\n\t<span style=\"font-family:verdana,geneva,sans-serif;\"><span style=\"font-size:14px;\">15:30 &nbsp;&nbsp;Einf&uuml;hrungsreferat von Franz S&ouml;lkner (Pax Christi &Ouml;sterreich)<\/span><\/span>\n<\/p>\n<p>\n\t<span style=\"font-family:verdana,geneva,sans-serif;\"><span style=\"font-size:14px;\">16:30 &nbsp;&nbsp;Kaffeepause<\/span><\/span>\n<\/p>\n<p>\n\t<span style=\"font-family:verdana,geneva,sans-serif;\"><span style=\"font-size:14px;\">17.00 &nbsp;&nbsp;Arbeitsgruppen zum Thema<\/span><\/span>\n<\/p>\n<p>\n\t<span style=\"font-family:verdana,geneva,sans-serif;\"><span style=\"font-size:14px;\">&middot;&nbsp;&nbsp;&nbsp;&nbsp;&nbsp;&nbsp;&nbsp;&nbsp;&nbsp;&nbsp;&nbsp;&nbsp;&nbsp;&nbsp;&nbsp;&nbsp;&nbsp;&nbsp;&nbsp; R&uuml;stungsproduktionsorte (Stefan M&ouml;hrle, R&uuml;stungsInformationsB&uuml;ro <\/span><\/span><br \/>\n\t<span style=\"font-family:verdana,geneva,sans-serif;\"><span style=\"font-size:14px;\">&nbsp;&nbsp; &nbsp; &nbsp; &nbsp; &nbsp; &nbsp; &nbsp; &nbsp; &nbsp; &nbsp;&nbsp;Freiburg)<\/span><\/span>\n<\/p>\n<p>\n\t<span style=\"font-family:verdana,geneva,sans-serif;\"><span style=\"font-size:14px;\">&middot;&nbsp;&nbsp;&nbsp;&nbsp;&nbsp;&nbsp;&nbsp;&nbsp;&nbsp;&nbsp;&nbsp;&nbsp;&nbsp;&nbsp;&nbsp;&nbsp;&nbsp;&nbsp;&nbsp; R&uuml;stungsforschung (Eveline Steinbacher, Solidarwerkstatt Linz)<\/span><\/span>\n<\/p>\n<p>\n\t<span style=\"font-family:verdana,geneva,sans-serif;\"><span style=\"font-size:14px;\">&middot;&nbsp;&nbsp;&nbsp;&nbsp;&nbsp;&nbsp;&nbsp;&nbsp;&nbsp;&nbsp;&nbsp;&nbsp;&nbsp;&nbsp;&nbsp;&nbsp;&nbsp;&nbsp;&nbsp; R&uuml;stung und Wirtschaft (AK Gerecht Wirtschaften, Pax Christi &Ouml;sterreich)<\/span><\/span>\n<\/p>\n<p>\n\t<span style=\"font-family:verdana,geneva,sans-serif;\"><span style=\"font-size:14px;\">&middot;&nbsp;&nbsp;&nbsp;&nbsp;&nbsp;&nbsp;&nbsp;&nbsp;&nbsp;&nbsp;&nbsp;&nbsp;&nbsp;&nbsp;&nbsp;&nbsp;&nbsp;&nbsp;&nbsp; Gewaltfreie Aktionen gegen R&uuml;stungsproduktion (Angelika Schoder, &nbsp; &nbsp; &nbsp; &nbsp; &nbsp; &nbsp; &nbsp; &nbsp; &nbsp; &nbsp; &nbsp; &nbsp; &nbsp; &nbsp; &nbsp; &nbsp; &nbsp; &nbsp;Internationaler <\/span><\/span><span style=\"font-family:verdana,geneva,sans-serif;\"><span style=\"font-size:14px;\">Vers&ouml;hnungsbund \/ Jussuf Windischer,<br \/>\n\t&nbsp;&nbsp; &nbsp; &nbsp; &nbsp; &nbsp; &nbsp; &nbsp; &nbsp; &nbsp; &nbsp;&nbsp;Pax Christi &Ouml;sterreich)<\/span><\/span>\n<\/p>\n<p>\n\t<span style=\"font-family:verdana,geneva,sans-serif;\"><span style=\"font-size:14px;\">18:30 &nbsp;&nbsp;Berichte der Arbeitsgruppen<\/span><\/span>\n<\/p>\n<p>\n\t<span style=\"font-family:verdana,geneva,sans-serif;\"><span style=\"font-size:14px;\">19:00 &nbsp;&nbsp;Imbiss<\/span><\/span>\n<\/p>\n<p>\n\t<span style=\"font-family:verdana,geneva,sans-serif;\"><span style=\"font-size:14px;\">19:30 &nbsp;&nbsp;(fakultativ) Filmvorf&uuml;hrung &bdquo;Meister des Todes&ldquo;<\/span><\/span><br \/>\n\t&nbsp;\n<\/p>\n<p>\n\t&nbsp;<\/p>\n","protected":false},"excerpt":{"rendered":"<p>Pax Christi &Ouml;sterreich beabsichtigt in Kooperation mit dem Internationalen Vers&ouml;hnungsbund &ndash; IFOR Austria&nbsp;und der Steirischen Friedensplattform sowie gemeinsam mit weiteren Friedensorganisationen seri&ouml;se Daten zu sammeln und einen &bdquo;R&uuml;stungsatlas &Ouml;sterreich&ldquo; zu erstellen. Der Studientag bietet die M&ouml;glichkeit sich dazu auszutauschen und gemeinsam&nbsp;Themen zu erarbeiten.<\/p>\n","protected":false},"author":1,"featured_media":0,"comment_status":"closed","ping_status":"closed","sticky":true,"template":"","format":"standard","meta":{"footnotes":""},"categories":[1],"tags":[],"_links":{"self":[{"href":"https:\/\/www.paxchristi.at\/index.php?rest_route=\/wp\/v2\/posts\/7304"}],"collection":[{"href":"https:\/\/www.paxchristi.at\/index.php?rest_route=\/wp\/v2\/posts"}],"about":[{"href":"https:\/\/www.paxchristi.at\/index.php?rest_route=\/wp\/v2\/types\/post"}],"author":[{"embeddable":true,"href":"https:\/\/www.paxchristi.at\/index.php?rest_route=\/wp\/v2\/users\/1"}],"replies":[{"embeddable":true,"href":"https:\/\/www.paxchristi.at\/index.php?rest_route=%2Fwp%2Fv2%2Fcomments&post=7304"}],"version-history":[{"count":8,"href":"https:\/\/www.paxchristi.at\/index.php?rest_route=\/wp\/v2\/posts\/7304\/revisions"}],"predecessor-version":[{"id":7313,"href":"https:\/\/www.paxchristi.at\/index.php?rest_route=\/wp\/v2\/posts\/7304\/revisions\/7313"}],"wp:attachment":[{"href":"https:\/\/www.paxchristi.at\/index.php?rest_route=%2Fwp%2Fv2%2Fmedia&parent=7304"}],"wp:term":[{"taxonomy":"category","embeddable":true,"href":"https:\/\/www.paxchristi.at\/index.php?rest_route=%2Fwp%2Fv2%2Fcategories&post=7304"},{"taxonomy":"post_tag","embeddable":true,"href":"https:\/\/www.paxchristi.at\/index.php?rest_route=%2Fwp%2Fv2%2Ftags&post=7304"}],"curies":[{"name":"wp","href":"https:\/\/api.w.org\/{rel}","templated":true}]}}