{"id":7606,"date":"2016-10-12T10:34:44","date_gmt":"2016-10-12T08:34:44","guid":{"rendered":"http:\/\/www.paxchristi.at\/?p=7606"},"modified":"2016-10-20T11:25:15","modified_gmt":"2016-10-20T09:25:15","slug":"gedenkweg-fuer-stefan-matzenberger-1919-1986","status":"publish","type":"post","link":"https:\/\/www.paxchristi.at\/?p=7606","title":{"rendered":"Nieder\u00f6sterreich: Zeugen f\u00fcr den Frieden. Gedenkweg f\u00fcr Stefan Matzenberger (1919-1986)"},"content":{"rendered":"<p style=\"text-align: justify;\">\n\t<img decoding=\"async\" loading=\"lazy\" alt=\"\" class=\"alignleft size-medium wp-image-7612\" height=\"225\" src=\"http:\/\/www.paxchristi.at\/wp-content\/uploads\/2016\/10\/Foto-Schindelmacherhaus-300x225.jpg\" width=\"300\" srcset=\"https:\/\/www.paxchristi.at\/wp-content\/uploads\/2016\/10\/Foto-Schindelmacherhaus-300x225.jpg 300w, https:\/\/www.paxchristi.at\/wp-content\/uploads\/2016\/10\/Foto-Schindelmacherhaus-768x576.jpg 768w, https:\/\/www.paxchristi.at\/wp-content\/uploads\/2016\/10\/Foto-Schindelmacherhaus.jpg 800w\" sizes=\"(max-width: 300px) 100vw, 300px\" \/><span style=\"font-size: 14px;\"><span style=\"font-family: verdana,geneva,sans-serif;\">Am 17. September 2016 beteiligten sich Mitglieder von&nbsp;PAX Christi an einem Gedenken an Dr. Stefan Matzenberger, der im 2. Weltkrieg sein Augenlicht verlor. Matzenberger studierte nach dem Krieg und wurde schlie&szlig;lich zum engagierten Friedensaktivisten.<\/span><\/span>\n<\/p>\n<p>\n\t<!--more-->\n<\/p>\n<p style=\"text-align: justify;\">\n\t<span style=\"font-size: 14px;\"><span style=\"font-family: verdana,geneva,sans-serif;\">Der Weltfriedenstag und auch die Einf&uuml;hrung des Zivildienstes in &Ouml;sterreich z&auml;hlen mit zu seinen Verdiensten. Er war auch mit dabei, als 1952 Pax Christi in &Ouml;sterreich gegr&uuml;ndet wurde.<\/span><\/span>\n<\/p>\n<p style=\"text-align: justify;\">\n\t<span style=\"font-size: 14px;\"><span style=\"font-family: verdana,geneva,sans-serif;\">Organisiert wurde der Gedenkweg von DI Peter Haberfellner. Gemeinsam ging es zum sogenannten &#39;Schindelmacherhaus&#39;, einem Ort zwischen St. Peter in der Au und Seitenstetten. Im Haus der Familie Matzenberger f&uuml;hrten die TeilnehmerInnen ein intensives und sehr ber&uuml;hrendes Gespr&auml;ch mit Johann Matzenberger, dem 84-j&auml;hrigen Bruder von Josef Matzenberger<\/span><\/span>.<\/p>\n","protected":false},"excerpt":{"rendered":"<p>Am 17. September 2016 beteiligten sich Mitglieder von&nbsp;PAX Christi an einem Gedenken an Dr. Stefan Matzenberger, der im 2. Weltkrieg sein Augenlicht verlor. Matzenberger studierte nach dem Krieg und wurde schlie&szlig;lich zum engagierten Friedensaktivisten.<\/p>\n","protected":false},"author":1,"featured_media":0,"comment_status":"closed","ping_status":"closed","sticky":true,"template":"","format":"standard","meta":{"footnotes":""},"categories":[1],"tags":[],"_links":{"self":[{"href":"https:\/\/www.paxchristi.at\/index.php?rest_route=\/wp\/v2\/posts\/7606"}],"collection":[{"href":"https:\/\/www.paxchristi.at\/index.php?rest_route=\/wp\/v2\/posts"}],"about":[{"href":"https:\/\/www.paxchristi.at\/index.php?rest_route=\/wp\/v2\/types\/post"}],"author":[{"embeddable":true,"href":"https:\/\/www.paxchristi.at\/index.php?rest_route=\/wp\/v2\/users\/1"}],"replies":[{"embeddable":true,"href":"https:\/\/www.paxchristi.at\/index.php?rest_route=%2Fwp%2Fv2%2Fcomments&post=7606"}],"version-history":[{"count":9,"href":"https:\/\/www.paxchristi.at\/index.php?rest_route=\/wp\/v2\/posts\/7606\/revisions"}],"predecessor-version":[{"id":7619,"href":"https:\/\/www.paxchristi.at\/index.php?rest_route=\/wp\/v2\/posts\/7606\/revisions\/7619"}],"wp:attachment":[{"href":"https:\/\/www.paxchristi.at\/index.php?rest_route=%2Fwp%2Fv2%2Fmedia&parent=7606"}],"wp:term":[{"taxonomy":"category","embeddable":true,"href":"https:\/\/www.paxchristi.at\/index.php?rest_route=%2Fwp%2Fv2%2Fcategories&post=7606"},{"taxonomy":"post_tag","embeddable":true,"href":"https:\/\/www.paxchristi.at\/index.php?rest_route=%2Fwp%2Fv2%2Ftags&post=7606"}],"curies":[{"name":"wp","href":"https:\/\/api.w.org\/{rel}","templated":true}]}}