{"id":7725,"date":"2016-12-19T15:09:02","date_gmt":"2016-12-19T14:09:02","guid":{"rendered":"http:\/\/www.paxchristi.at\/?p=7725"},"modified":"2016-12-19T15:17:36","modified_gmt":"2016-12-19T14:17:36","slug":"buero-von-pax-christi-oesterreich-uebersiedelt-nach-linz","status":"publish","type":"post","link":"https:\/\/www.paxchristi.at\/?p=7725","title":{"rendered":"B\u00fcro von Pax Christi \u00d6sterreich \u00fcbersiedelt nach Linz"},"content":{"rendered":"<p style=\"text-align: justify;\">\n\t<span style=\"font-family:verdana,geneva,sans-serif;\"><span style=\"font-size:14px;\">Mit Jahresende &uuml;bersiedelt das B&uuml;ro von Pax Christi &Ouml;sterreich von Innsbruck nach Linz. Die neue Adresse lautet:&nbsp;<strong>Pax Christi &Ouml;sterreich, Mengerstra&szlig;e 23, 4040 Linz.<\/strong>&nbsp;Elisabeth Hussl beendet damit ihre T&auml;tigkeit als Organisationsreferentin bei Pax Christi. Eine neue Mitarbeiterin \/ ein neuer Mitarbeiter wird dann in Linz ihre Agenden &uuml;bernehmen. Aufgrund der &Uuml;bersiedlung und &Uuml;bergabe bitten wir um Verst&auml;ndnis, dass wir im Moment nur sehr eingeschr&auml;nkt erreichbar sind und &uuml;ber keine regelm&auml;&szlig;igen B&uuml;ro&ouml;ffnungszeiten verf&uuml;gen. Gerne k&ouml;nnen Sie per Mail mit uns Kontakt aufnehmen. In Bezug auf die Bearbeitung von Anfragen kann es in dieser &Uuml;bergangsphase jedoch vorerst zu eventuellen Verz&ouml;gerungen und l&auml;ngeren Wartezeiten kommen.&nbsp;<\/span><\/span>\n<\/p>\n<p style=\"text-align: justify;\">\n\t<span style=\"font-family:verdana,geneva,sans-serif;\"><span style=\"font-size:14px;\"><strong>PAX CHRISTI &Ouml;STERREICH W&Uuml;NSCHT GESEGNETE WEIHNACHTEN UND EIN FRIEDVOLLES JAHR 2017!<\/strong><\/span><\/span>\n<\/p>\n<p>\n\t<!--more-->\n<\/p>\n<p style=\"text-align: justify;\">\n\t<span style=\"font-size:14px;\"><span style=\"font-family:verdana,geneva,sans-serif;\">&raquo; Alle ersehnen wir den Frieden; viele Menschen bauen ihn t&auml;glich mit kleinen Gesten auf; viele leiden und nehmen geduldig die M&uuml;he auf sich, immer wieder zu versuchen, Frieden zu schaffen. &laquo;&nbsp; Bem&uuml;hen wir uns im Jahr 2017 mit Gebet und Tat darum, Menschen zu werden, die aus ihrem Herzen, aus ihren Worten und aus ihren Gesten die Gewalt verbannt haben, und gewaltfreie Gemeinschaften aufzubauen, die sich um das gemeinsame Haus k&uuml;mmern. &raquo; Nichts ist unm&ouml;glich, wenn wir uns im Gebet an Gott wenden. Alle k&ouml;nnen &bdquo;Handwerker&ldquo; des Friedens sein. &laquo;<\/span><\/span>\n<\/p>\n<p style=\"text-align: justify;\">\n\t<span style=\"font-size:14px;\"><span style=\"font-family:verdana,geneva,sans-serif;\">Aus der Botschaft von Papst Franziskus zum Weltfriedenstag am 1.1.2017<\/span><\/span><\/p>\n","protected":false},"excerpt":{"rendered":"<p>Mit Jahresende &uuml;bersiedelt das B&uuml;ro von Pax Christi &Ouml;sterreich von Innsbruck nach Linz. Die neue Adresse lautet:&nbsp;Pax Christi &Ouml;sterreich, Mengerstra&szlig;e 23, 4040 Linz.&nbsp;Elisabeth Hussl beendet damit ihre T&auml;tigkeit als Organisationsreferentin bei Pax Christi. Eine neue Mitarbeiterin \/ ein neuer Mitarbeiter wird dann in Linz ihre Agenden &uuml;bernehmen. Aufgrund der &Uuml;bersiedlung und &Uuml;bergabe bitten wir um &hellip; <\/p>\n<p class=\"link-more\"><a href=\"https:\/\/www.paxchristi.at\/?p=7725\" class=\"more-link\"><span class=\"screen-reader-text\">\u201eB\u00fcro von Pax Christi \u00d6sterreich \u00fcbersiedelt nach Linz\u201c<\/span> weiterlesen<\/a><\/p>\n","protected":false},"author":1,"featured_media":0,"comment_status":"closed","ping_status":"closed","sticky":true,"template":"","format":"standard","meta":{"footnotes":""},"categories":[1],"tags":[],"_links":{"self":[{"href":"https:\/\/www.paxchristi.at\/index.php?rest_route=\/wp\/v2\/posts\/7725"}],"collection":[{"href":"https:\/\/www.paxchristi.at\/index.php?rest_route=\/wp\/v2\/posts"}],"about":[{"href":"https:\/\/www.paxchristi.at\/index.php?rest_route=\/wp\/v2\/types\/post"}],"author":[{"embeddable":true,"href":"https:\/\/www.paxchristi.at\/index.php?rest_route=\/wp\/v2\/users\/1"}],"replies":[{"embeddable":true,"href":"https:\/\/www.paxchristi.at\/index.php?rest_route=%2Fwp%2Fv2%2Fcomments&post=7725"}],"version-history":[{"count":7,"href":"https:\/\/www.paxchristi.at\/index.php?rest_route=\/wp\/v2\/posts\/7725\/revisions"}],"predecessor-version":[{"id":7734,"href":"https:\/\/www.paxchristi.at\/index.php?rest_route=\/wp\/v2\/posts\/7725\/revisions\/7734"}],"wp:attachment":[{"href":"https:\/\/www.paxchristi.at\/index.php?rest_route=%2Fwp%2Fv2%2Fmedia&parent=7725"}],"wp:term":[{"taxonomy":"category","embeddable":true,"href":"https:\/\/www.paxchristi.at\/index.php?rest_route=%2Fwp%2Fv2%2Fcategories&post=7725"},{"taxonomy":"post_tag","embeddable":true,"href":"https:\/\/www.paxchristi.at\/index.php?rest_route=%2Fwp%2Fv2%2Ftags&post=7725"}],"curies":[{"name":"wp","href":"https:\/\/api.w.org\/{rel}","templated":true}]}}