{"id":7869,"date":"2017-07-05T16:29:58","date_gmt":"2017-07-05T14:29:58","guid":{"rendered":"http:\/\/www.paxchristi.at\/?p=7869"},"modified":"2017-07-10T15:00:19","modified_gmt":"2017-07-10T13:00:19","slug":"stellungnahme-des-vorstands-von-pax-christi-oesterreich-zum-ruecktritt-von-bischof-scheuer-als-praesident","status":"publish","type":"post","link":"https:\/\/www.paxchristi.at\/?p=7869","title":{"rendered":"Stellungnahme des Vorstands von Pax Christi \u00d6sterreich zum R\u00fccktritt von Bischof Scheuer als Pr\u00e4sident"},"content":{"rendered":"<p>\n\tLinz, 5. 7. 17 &#8212; Pax Christi &Ouml;sterreich bedauert den R&uuml;cktritt von Bischof Manfred Scheuer als Pr&auml;sident der Friedensbewegung Pax Christi &Ouml;sterreich und dankt ihm f&uuml;r seine 12j&auml;hri&shy;ge Pr&auml;sidentschaft.<br \/>\n\tIm Zusammenhang mit dem R&uuml;cktritt von Bischof Scheuer wurde gegen Pax Christi &ouml;ffent&shy;lich der Vorwurf des Antisemitismus erhoben und sogar als angeblicher R&uuml;cktrittsgrund ge&shy;nannt. Nicht nur wir weisen das entschieden zur&uuml;ck, sondern auch Bischof Scheuer hat in sei&shy;ner Stellungnahme ausdr&uuml;cklich erkl&auml;rt: &bdquo;Ich teile mit Pax Christi die entschiedene Verur&shy;tei&shy;lung des Antisemitismus, die mehrfach ausgedr&uuml;ckt wurde. Pax Christi Ober&ouml;sterreich wurde in Mauthausen gegr&uuml;ndet.\n<\/p>\n<p>\n\t<!--more-->\n<\/p>\n<p>\n\tDas Engagement f&uuml;r NS-Verfolgte und f&uuml;r das Gedenken der Opfer dieser Verbrechen geh&ouml;rt zum Kern des Engagements von Pax Christi&ldquo;. Pax Christi &Ouml;sterreich arbeitet seit Jahrzehnten f&uuml;r Frieden, Abr&uuml;stung und gewaltfreie Kon&shy;fliktl&ouml;sungen. In diesem Zusammenhang setzen wir uns auch &ndash; gemeinsam mit Pax Christi International &ndash; f&uuml;r eine Verst&auml;ndigung zwischen Israelis und Pal&auml;stinensern auf der Grund&shy;lage von V&ouml;lkerrecht und Menschenrechten ein. In &Uuml;bereinstimmung mit den Vereinten Na&shy;tio&shy;nen, der Europ&auml;ischen Union und dem Heiligen Stuhl halten wir die Zweistaatenl&ouml;sung nach wie vor f&uuml;r das beste Modell, um Selbstbestimmung und Sicherheit sowohl f&uuml;r die Israelis als auch die Pal&auml;stinenser zu gew&auml;hrleisten. Dazu geh&ouml;rt die Anerkennung des Exi&shy;stenzrechtes des Staates Israel innerhalb international anerkannter Grenzen und sein Schutz vor existenzbedrohenden Angriffen aller Art ebenso wie das Recht der Pal&auml;stinenser auf einen eigenen, existenzf&auml;higen Staat in den von den Vereinten Nationen definierten Gren&shy;zen. Mehr als 130 Staaten &ndash; darunter auch der Vatikan &ndash; haben Pal&auml;stina &uuml;brigens bereits als Staat anerkannt.<br \/>\n\tSowohl die Vereinten Nationen als auch die Europ&auml;ische Union haben die derzeitige israeli&shy;sche Siedlungspolitik als ein Haupthindernis f&uuml;r die Zweistaatenl&ouml;sung bezeichnet. Gleich&shy;zei&shy;tig gibt es die Tendenz, Kritik an dieser Siedlungspolitik sowie anderen Menschen&shy;rechts&shy;ver&shy;letzungen in Israel als &bdquo;antisemitisch&ldquo; zu denunzieren. Diese missbr&auml;uchliche Verwen&shy;dung des Begriffs &bdquo;Antisemitismus&ldquo; als Instrument der politischen Auseinandersetzung be&shy;deu&shy;tet nicht nur eine Relativierung der furchtbaren historischen Verbrechen des wirklichen Antisemitismus, sondern tr&uuml;bt auch den Blick auf das tats&auml;chliche Entstehen neuer Formen des Antisemitismus, die wir entschieden ablehnen und bek&auml;mpfen. Wenn Pax Christi gerade jetzt zum 50. Jahrestag der israelischen Besetzung Pal&auml;stinas f&uuml;r das Ende dieser Besat&shy;zung und f&uuml;r die Zweistaatenl&ouml;sung eintritt, so hat das nichts mit &bdquo;Antisemitismus&ldquo; zu tun, son&shy;dern ist Ausdruck unseres grundlegenden Bekenntnisses zu Frieden, Gewaltfreiheit, V&ouml;l&shy;ker&shy;recht und Menschenrechten.\n<\/p>\n<p>\n\tF&uuml;r den Vorstand von Pax Christi &Ouml;sterreich:<br \/>\n\tDr. Meinrad Schneckenleithner, Adalbert Krims (Vizepr&auml;sidenten)\n<\/p>\n<p>\n\t<a href=\"http:\/\/www.paxchristi.at\/wp-content\/uploads\/2017\/07\/Pax_Christi_Austria_statement_following_resignation_bishop_president.pdf\" target=\"_blank\">Statement in English<\/a><\/p>\n","protected":false},"excerpt":{"rendered":"<p>Linz, 5. 7. 17 &#8212; Pax Christi &Ouml;sterreich bedauert den R&uuml;cktritt von Bischof Manfred Scheuer als Pr&auml;sident der Friedensbewegung Pax Christi &Ouml;sterreich und dankt ihm f&uuml;r seine 12j&auml;hri&shy;ge Pr&auml;sidentschaft. Im Zusammenhang mit dem R&uuml;cktritt von Bischof Scheuer wurde gegen Pax Christi &ouml;ffent&shy;lich der Vorwurf des Antisemitismus erhoben und sogar als angeblicher R&uuml;cktrittsgrund ge&shy;nannt. Nicht nur &hellip; <\/p>\n<p class=\"link-more\"><a href=\"https:\/\/www.paxchristi.at\/?p=7869\" class=\"more-link\"><span class=\"screen-reader-text\">\u201eStellungnahme des Vorstands von Pax Christi \u00d6sterreich zum R\u00fccktritt von Bischof Scheuer als Pr\u00e4sident\u201c<\/span> weiterlesen<\/a><\/p>\n","protected":false},"author":1,"featured_media":0,"comment_status":"closed","ping_status":"closed","sticky":true,"template":"","format":"standard","meta":{"footnotes":""},"categories":[1],"tags":[],"_links":{"self":[{"href":"https:\/\/www.paxchristi.at\/index.php?rest_route=\/wp\/v2\/posts\/7869"}],"collection":[{"href":"https:\/\/www.paxchristi.at\/index.php?rest_route=\/wp\/v2\/posts"}],"about":[{"href":"https:\/\/www.paxchristi.at\/index.php?rest_route=\/wp\/v2\/types\/post"}],"author":[{"embeddable":true,"href":"https:\/\/www.paxchristi.at\/index.php?rest_route=\/wp\/v2\/users\/1"}],"replies":[{"embeddable":true,"href":"https:\/\/www.paxchristi.at\/index.php?rest_route=%2Fwp%2Fv2%2Fcomments&post=7869"}],"version-history":[{"count":4,"href":"https:\/\/www.paxchristi.at\/index.php?rest_route=\/wp\/v2\/posts\/7869\/revisions"}],"predecessor-version":[{"id":7881,"href":"https:\/\/www.paxchristi.at\/index.php?rest_route=\/wp\/v2\/posts\/7869\/revisions\/7881"}],"wp:attachment":[{"href":"https:\/\/www.paxchristi.at\/index.php?rest_route=%2Fwp%2Fv2%2Fmedia&parent=7869"}],"wp:term":[{"taxonomy":"category","embeddable":true,"href":"https:\/\/www.paxchristi.at\/index.php?rest_route=%2Fwp%2Fv2%2Fcategories&post=7869"},{"taxonomy":"post_tag","embeddable":true,"href":"https:\/\/www.paxchristi.at\/index.php?rest_route=%2Fwp%2Fv2%2Ftags&post=7869"}],"curies":[{"name":"wp","href":"https:\/\/api.w.org\/{rel}","templated":true}]}}