{"id":8222,"date":"2018-06-22T13:13:51","date_gmt":"2018-06-22T11:13:51","guid":{"rendered":"http:\/\/www.paxchristi.at\/?p=8222"},"modified":"2018-06-22T13:20:33","modified_gmt":"2018-06-22T11:20:33","slug":"weltfluechtlingstag-botschaft-von-religionsvertretern-in-oesterreich","status":"publish","type":"post","link":"https:\/\/www.paxchristi.at\/?p=8222","title":{"rendered":"Weltfl\u00fcchtlingstag &#8211; Botschaft von Religionsvertretern in \u00d6sterreich"},"content":{"rendered":"<p>\n\t<a href=\"https:\/\/www.mwoe.at\/botschaft-zum-weltfluechtlingstag-2018\/\" target=\"_blank\">Botschaft zum Weltfl\u00fcchtlingstag &#8211; Allianz f\u00fcr Menschenw\u00fcrde \u00d6sterreich<\/a><\/p>\n","protected":false},"excerpt":{"rendered":"<p>Botschaft zum Weltfl\u00fcchtlingstag &#8211; Allianz f\u00fcr Menschenw\u00fcrde \u00d6sterreich<\/p>\n","protected":false},"author":1,"featured_media":0,"comment_status":"closed","ping_status":"closed","sticky":true,"template":"","format":"standard","meta":{"footnotes":""},"categories":[1],"tags":[],"_links":{"self":[{"href":"https:\/\/www.paxchristi.at\/index.php?rest_route=\/wp\/v2\/posts\/8222"}],"collection":[{"href":"https:\/\/www.paxchristi.at\/index.php?rest_route=\/wp\/v2\/posts"}],"about":[{"href":"https:\/\/www.paxchristi.at\/index.php?rest_route=\/wp\/v2\/types\/post"}],"author":[{"embeddable":true,"href":"https:\/\/www.paxchristi.at\/index.php?rest_route=\/wp\/v2\/users\/1"}],"replies":[{"embeddable":true,"href":"https:\/\/www.paxchristi.at\/index.php?rest_route=%2Fwp%2Fv2%2Fcomments&post=8222"}],"version-history":[{"count":3,"href":"https:\/\/www.paxchristi.at\/index.php?rest_route=\/wp\/v2\/posts\/8222\/revisions"}],"predecessor-version":[{"id":8225,"href":"https:\/\/www.paxchristi.at\/index.php?rest_route=\/wp\/v2\/posts\/8222\/revisions\/8225"}],"wp:attachment":[{"href":"https:\/\/www.paxchristi.at\/index.php?rest_route=%2Fwp%2Fv2%2Fmedia&parent=8222"}],"wp:term":[{"taxonomy":"category","embeddable":true,"href":"https:\/\/www.paxchristi.at\/index.php?rest_route=%2Fwp%2Fv2%2Fcategories&post=8222"},{"taxonomy":"post_tag","embeddable":true,"href":"https:\/\/www.paxchristi.at\/index.php?rest_route=%2Fwp%2Fv2%2Ftags&post=8222"}],"curies":[{"name":"wp","href":"https:\/\/api.w.org\/{rel}","templated":true}]}}