{"id":8384,"date":"2018-12-17T13:37:37","date_gmt":"2018-12-17T12:37:37","guid":{"rendered":"http:\/\/www.paxchristi.at\/?p=8384"},"modified":"2018-12-17T13:37:37","modified_gmt":"2018-12-17T12:37:37","slug":"papst-stellt-sich-hinter-migrationspakt","status":"publish","type":"post","link":"https:\/\/www.paxchristi.at\/?p=8384","title":{"rendered":"Papst stellt sich hinter Migrationspakt"},"content":{"rendered":"<p>Papst Franziskus hat sich \u00f6ffentlich hinter den UNO-Migrationspakt gestellt. Die Staatengemeinschaft m\u00fcsse Verantwortung, Solidarit\u00e4t und Mitleid gegen\u00fcber jenen zeigen, die aus unterschiedlichen Gr\u00fcnden ihr Land verlie\u00dfen, sagte das Kirchenoberhaupt laut Kathpress heute in Rom.<br \/>\nDaf\u00fcr sei der Pakt f\u00fcr eine sichere, geordnete und regul\u00e4re Migration ein internationaler Bezugsrahmen, so der Papst vor Zehntausenden Pilgern und Besuchern auf dem Petersplatz. Er rief die Katholiken auf, f\u00fcr die Anliegen des Abkommens zu beten.<br \/>\nguti, ORF.at\/Agenturen<\/p>\n","protected":false},"excerpt":{"rendered":"<p>Papst Franziskus hat sich \u00f6ffentlich hinter den UNO-Migrationspakt gestellt. Die Staatengemeinschaft m\u00fcsse Verantwortung, Solidarit\u00e4t und Mitleid gegen\u00fcber jenen zeigen, die aus unterschiedlichen Gr\u00fcnden ihr Land verlie\u00dfen, sagte das Kirchenoberhaupt laut Kathpress heute in Rom. Daf\u00fcr sei der Pakt f\u00fcr eine sichere, geordnete und regul\u00e4re Migration ein internationaler Bezugsrahmen, so der Papst vor Zehntausenden Pilgern und &hellip; <\/p>\n<p class=\"link-more\"><a href=\"https:\/\/www.paxchristi.at\/?p=8384\" class=\"more-link\"><span class=\"screen-reader-text\">\u201ePapst stellt sich hinter Migrationspakt\u201c<\/span> weiterlesen<\/a><\/p>\n","protected":false},"author":1,"featured_media":0,"comment_status":"closed","ping_status":"closed","sticky":true,"template":"","format":"standard","meta":{"footnotes":""},"categories":[1],"tags":[],"_links":{"self":[{"href":"https:\/\/www.paxchristi.at\/index.php?rest_route=\/wp\/v2\/posts\/8384"}],"collection":[{"href":"https:\/\/www.paxchristi.at\/index.php?rest_route=\/wp\/v2\/posts"}],"about":[{"href":"https:\/\/www.paxchristi.at\/index.php?rest_route=\/wp\/v2\/types\/post"}],"author":[{"embeddable":true,"href":"https:\/\/www.paxchristi.at\/index.php?rest_route=\/wp\/v2\/users\/1"}],"replies":[{"embeddable":true,"href":"https:\/\/www.paxchristi.at\/index.php?rest_route=%2Fwp%2Fv2%2Fcomments&post=8384"}],"version-history":[{"count":2,"href":"https:\/\/www.paxchristi.at\/index.php?rest_route=\/wp\/v2\/posts\/8384\/revisions"}],"predecessor-version":[{"id":8386,"href":"https:\/\/www.paxchristi.at\/index.php?rest_route=\/wp\/v2\/posts\/8384\/revisions\/8386"}],"wp:attachment":[{"href":"https:\/\/www.paxchristi.at\/index.php?rest_route=%2Fwp%2Fv2%2Fmedia&parent=8384"}],"wp:term":[{"taxonomy":"category","embeddable":true,"href":"https:\/\/www.paxchristi.at\/index.php?rest_route=%2Fwp%2Fv2%2Fcategories&post=8384"},{"taxonomy":"post_tag","embeddable":true,"href":"https:\/\/www.paxchristi.at\/index.php?rest_route=%2Fwp%2Fv2%2Ftags&post=8384"}],"curies":[{"name":"wp","href":"https:\/\/api.w.org\/{rel}","templated":true}]}}