{"id":8505,"date":"2019-04-01T21:31:45","date_gmt":"2019-04-01T19:31:45","guid":{"rendered":"http:\/\/www.paxchristi.at\/?p=8505"},"modified":"2019-04-01T21:34:28","modified_gmt":"2019-04-01T19:34:28","slug":"univ-prof-dr-wolfgang-palaver-neuer-praesident-von-pax-christi-oesterreich","status":"publish","type":"post","link":"https:\/\/www.paxchristi.at\/?p=8505","title":{"rendered":"Univ.Prof. Dr. Wolfgang Palaver neuer Pr\u00e4sident von Pax Christi \u00d6sterreich"},"content":{"rendered":"<p><img src=http:\/\/www.paxchristi.at\/wp-content\/uploads\/2019\/04\/Palaver.jpg style=\"float:right;\">Die kirchliche Friedensbewegung &#8222;Pax Christi \u00d6sterreich&#8220; hat einen neuen Pr\u00e4sidenten. Der Innsbrucker Sozialethiker Wolfgang Palaver (60) wurde am Samstag von der Generalversammlung als Nachfolger von Bischof Manfred Scheuer in dieser Funktion gew\u00e4hlt. Scheuer stand bis Juni 2017 an der Spitze der Organisation, seither war dieses Amt vakant. In der \u00d6sterreichischen Bischofskonferenz ist der Innsbrucker Bischof Hermann Glettler seit November 2018 f\u00fcr Pax Christi zust\u00e4ndig.<!--more--><\/p>\n<p>Palaver ist Professor f\u00fcr Christliche Gesellschaftslehre an der Katholisch-Theologischen Fakult\u00e4t der Universit\u00e4t Innsbruck und war von M\u00e4rz 2013 bis Februar 2017 auch Dekan dieser Fakult\u00e4t. Der aus Zell am Ziller stammende Sozialethiker war zudem u.a. Mitbegr\u00fcnder von &#8222;Pax Christi Tirol&#8220;, Mitglied in der \u00d6sterreichischen Kommission von &#8222;Iustitia et Pax&#8220; und Gemeinderat von Jenbach. Au\u00dfer in ethisch-politischen Fragen hat er sich auch im interreligi\u00f6sen Dialog einen Namen gemacht.<\/p>\n<p>In \u00d6sterreich entstand &#8222;Pax Christi&#8220; in den 1980er Jahren im Zuge der NATO-Nachr\u00fcstungsdebatte und des konziliaren Prozesses f\u00fcr Frieden, Gerechtigkeit und Bewahrung der Sch\u00f6pfung. Die \u00d6sterreich-Sektion von &#8222;Pax Christi&#8220; hat in allen neun Bundesl\u00e4ndern Landesgruppen errichtet. &#8222;Pax Christi International&#8220; wurde nach dem Zweiten Weltkrieg &#8211; urspr\u00fcnglich als Vers\u00f6hnungswerk zwischen Franzosen und Deutschen &#8211; gegr\u00fcndet. Von 1985 bis 1990 stand Kardinal Franz K\u00f6nig an der Spitze dieser katholischen Friedensbewegung. Heute bestehen weltweit etwa 30 nationale Sektionen.<\/p>\n<p>Innsbruck, 31.03.2019 (KAP)<\/p>\n","protected":false},"excerpt":{"rendered":"<p>Die kirchliche Friedensbewegung &#8222;Pax Christi \u00d6sterreich&#8220; hat einen neuen Pr\u00e4sidenten. Der Innsbrucker Sozialethiker Wolfgang Palaver (60) wurde am Samstag von der Generalversammlung als Nachfolger von Bischof Manfred Scheuer in dieser Funktion gew\u00e4hlt. Scheuer stand bis Juni 2017 an der Spitze der Organisation, seither war dieses Amt vakant. In der \u00d6sterreichischen Bischofskonferenz ist der Innsbrucker Bischof &hellip; <\/p>\n<p class=\"link-more\"><a href=\"https:\/\/www.paxchristi.at\/?p=8505\" class=\"more-link\"><span class=\"screen-reader-text\">\u201eUniv.Prof. Dr. Wolfgang Palaver neuer Pr\u00e4sident von Pax Christi \u00d6sterreich\u201c<\/span> weiterlesen<\/a><\/p>\n","protected":false},"author":1,"featured_media":0,"comment_status":"closed","ping_status":"closed","sticky":true,"template":"","format":"standard","meta":{"footnotes":""},"categories":[1],"tags":[],"_links":{"self":[{"href":"https:\/\/www.paxchristi.at\/index.php?rest_route=\/wp\/v2\/posts\/8505"}],"collection":[{"href":"https:\/\/www.paxchristi.at\/index.php?rest_route=\/wp\/v2\/posts"}],"about":[{"href":"https:\/\/www.paxchristi.at\/index.php?rest_route=\/wp\/v2\/types\/post"}],"author":[{"embeddable":true,"href":"https:\/\/www.paxchristi.at\/index.php?rest_route=\/wp\/v2\/users\/1"}],"replies":[{"embeddable":true,"href":"https:\/\/www.paxchristi.at\/index.php?rest_route=%2Fwp%2Fv2%2Fcomments&post=8505"}],"version-history":[{"count":4,"href":"https:\/\/www.paxchristi.at\/index.php?rest_route=\/wp\/v2\/posts\/8505\/revisions"}],"predecessor-version":[{"id":8509,"href":"https:\/\/www.paxchristi.at\/index.php?rest_route=\/wp\/v2\/posts\/8505\/revisions\/8509"}],"wp:attachment":[{"href":"https:\/\/www.paxchristi.at\/index.php?rest_route=%2Fwp%2Fv2%2Fmedia&parent=8505"}],"wp:term":[{"taxonomy":"category","embeddable":true,"href":"https:\/\/www.paxchristi.at\/index.php?rest_route=%2Fwp%2Fv2%2Fcategories&post=8505"},{"taxonomy":"post_tag","embeddable":true,"href":"https:\/\/www.paxchristi.at\/index.php?rest_route=%2Fwp%2Fv2%2Ftags&post=8505"}],"curies":[{"name":"wp","href":"https:\/\/api.w.org\/{rel}","templated":true}]}}