{"id":8563,"date":"2019-05-28T13:08:23","date_gmt":"2019-05-28T11:08:23","guid":{"rendered":"http:\/\/www.paxchristi.at\/?p=8563"},"modified":"2019-05-29T09:40:47","modified_gmt":"2019-05-29T07:40:47","slug":"jaegerstaetter-film-bei-den-filmfestspielen-in-cannes-a-hidden-life","status":"publish","type":"post","link":"https:\/\/www.paxchristi.at\/?p=8563","title":{"rendered":"J\u00e4gerst\u00e4tter-Film bei den Filmfestspielen in Cannes: \u201aA Hidden Life\u2018"},"content":{"rendered":"<p><img decoding=\"async\" src=\"http:\/\/www.paxchristi.at\/wp-content\/uploads\/2019\/05\/Hidden_Life_web.jpeg\" style=\"float:right;margin-left:5px\">Die deutsche Zeitung \u201aDie Welt\u2018 schreibt dazu:<br \/>\nInzwischen reklamieren ihn (Franz J\u00e4gerst\u00e4tter, Anm.) viele f\u00fcr sich, die Pax-Christi-Bewegung (also die Kriegsgegner), die Gegner unserer liberal-hedonistischen Gesellschaft (also die Linken), die K\u00e4mpfer f\u00fcr verfolgte Christen (also die neurechten Islamfeinde).<\/p>\n<p><!--more--><\/p>\n<p>Terrence Malick hat einen ganz eigenen Zugang gefunden, einen wie kein anderer Regisseur ihn finden k\u00f6nnte, und Quentin Tarantino muss sich am Dienstag schon sehr ins Zeug legen, um ihm die Goldene Palme wegzuschnappen. (Hanns-Georg Rodek, www.welt.de)<\/p>\n<p><a href=\"https:\/\/www.welt.de\/kultur\/kino\/article193777461\/Terrence-Malicks-A-Hidden-Life-ist-Mitfavorit-in-Cannes.html\" target=\"_blank\" rel=\"noopener noreferrer\"><br \/>\nhttps:\/\/www.welt.de\/kultur\/kino\/article193777461\/Terrence-Malicks-A-Hidden-Life-ist-Mitfavorit-in-Cannes.html<\/a><\/p>\n<p>Andere Pressestimmen finden Sie hier:<\/p>\n<p><a href=\"https:\/\/www.kirchenzeitung.at\/site\/themen\/kunstkultur\/buecherfilmecds\/hart-aber-ueberwaeltigend\" target=\"_blank\" rel=\"noopener noreferrer\"> https:\/\/www.kirchenzeitung.at\/site\/themen\/kunstkultur\/buecherfilmecds\/hart-aber-ueberwaeltigend<\/a><\/p>\n<p><a href=\"https:\/\/www.ncronline.org\/news\/opinion\/terrence-malicks-new-film-about-franz-j-gerst-tter-premieres-cannes\" target=\"_blank\" rel=\"noopener noreferrer\">https:\/\/www.ncronline.org\/news\/opinion\/terrence-malicks-new-film-about-franz-j-gerst-tter-premieres-cannes<\/a><br \/>\nFast drei Stunden lang ist dies das Leben eines Mannes, der immer wieder von seinem Bischof, Dorfbewohnern und dem Milit\u00e4rgericht gefragt wurde: Wer w\u00fcrde sich daran erinnern, dass er sich geweigert hatte, den Eid zu leisten? Welchen Unterschied w\u00fcrde die Entscheidung eines Mannes im Ergebnis des Krieges machen? Es brachte mich dazu, an das Sprichwort zu denken: Wenn ein Baum in einem Wald f\u00e4llt und niemand da ist, um es zu h\u00f6ren, macht es dann ein Ger\u00e4usch?<br \/>\n76 Jahre sp\u00e4ter hallt &#8222;der Klang&#8220; von J\u00e4gerst\u00e4tters Leben und Entscheidung durch Malicks Film.(\u2026) Werke von Mozart, J.S. Bach und Beethoven liefern den gr\u00f6\u00dften Teil des Soundtracks. Wenn Sie es nicht eilig haben, ist dies der Film des Jahres 2019 f\u00fcr Sie. Nehmen Sie sich Zeit und genie\u00dfen Sie die Kunstfertigkeit, die Anspannung, die Angst, seinem Gewissen zu folgen oder in einen Krieg zu ziehen, an den man nicht glaubt, und von dem man m\u00f6glicherweise nie zur\u00fcckkehrt. Ergeben Sie sich dem Unbehagen, sich mit dem auseinanderzusetzen, was es bedeutet, dass &#8222;es besser ist, Ungerechtigkeit zu ertragen, als sie zu verursachen&#8220;, wie Franz im Film sagt. (Sr. Rose Pacatte, National Catholic Reporter)<br \/>\n<a href=\"https:\/\/www.spiegel.de\/kultur\/kino\/terrence-malick-weltkriegsdrama-a-hidden-life-in-cannes-unvergesslich-a-1268198.html\" target=\"_blank\" rel=\"noopener noreferrer\">https:\/\/www.spiegel.de\/kultur\/kino\/terrence-malick-weltkriegsdrama-a-hidden-life-in-cannes-unvergesslich-a-1268198.html <\/a><br \/>\n<a href=\"https:\/\/derstandard.at\/2000103504171\/A-Hidden-Life-Franz-Jaegerstaetters-Nein-fuer-die-Ewigkeit\" target=\"_blank\" rel=\"noopener noreferrer\">https:\/\/derstandard.at\/2000103504171\/A-Hidden-Life-Franz-Jaegerstaetters-Nein-fuer-die-Ewigkeit<\/a><br \/>\n<a href=\"https:\/\/www.profil.at\/shortlist\/oesterreich\/cannes-terrence-malick-a-hidden-life-10796386\" target=\"_blank\" rel=\"noopener noreferrer\">https:\/\/www.profil.at\/shortlist\/oesterreich\/cannes-terrence-malick-a-hidden-life-10796386<\/a><br \/>\n<a href=\"https:\/\/kurier.at\/kultur\/malicks-a-hidden-life-in-cannes-fussballgott-und-christ\/400500433\" target=\"blank\" rel=\"noopener noreferrer\">https:\/\/kurier.at\/kultur\/malicks-a-hidden-life-in-cannes-fussballgott-und-christ\/400500433<\/a><br \/>\n<a href=\"https:\/\/www.fr.de\/kultur\/tv-kino\/cannes-hidden-life-krieg-graesern-12302938.html\" target=\"blank\" rel=\"noopener noreferrer\">https:\/\/www.fr.de\/kultur\/tv-kino\/cannes-hidden-life-krieg-graesern-12302938.html<\/a><br \/>\n<a href=\"https:\/\/www.morgenpost.de\/kultur\/article218400157\/August-Diehl-muss-in-Cannes-fuer-Terrence-Malick-herhalten.html\" target=\"_blank\" rel=\"noopener noreferrer\">https:\/\/www.morgenpost.de\/kultur\/article218400157\/August-Diehl-muss-in-Cannes-fuer-Terrence-Malick-herhalten.html<\/a><\/p>\n<p>Lots of reviews\u2026here is another interesting one<br \/>\n<a href=\"https:\/\/www.thewrap.com\/a-hidden-life-film-review-is-this-where-terrence-malick-gets-his-mojo-back\/\" target=\"_blank\" rel=\"noopener noreferrer\">https:\/\/www.thewrap.com\/a-hidden-life-film-review-is-this-where-terrence-malick-gets-his-mojo-back\/<\/a><br \/>\nThis review by a powerful voice for film gives Hidden Life high merits<br \/>\n<a href=\"https:\/\/www.indiewire.com\/2019\/05\/a-hidden-life-review-terrence-malick-cannes-1202142833\/\" target=\"_blank\" rel=\"noopener noreferrer\">https:\/\/www.indiewire.com\/2019\/05\/a-hidden-life-review-terrence-malick-cannes-1202142833\/<\/a><br \/>\n<a href=\"https:\/\/variety.com\/2019\/film\/reviews\/a-hidden-life-review-terrence-malick-radegund-1203220352\/\" target=\"_blank\" rel=\"noopener noreferrer\">https:\/\/variety.com\/2019\/film\/reviews\/a-hidden-life-review-terrence-malick-radegund-1203220352\/<\/a><\/p>\n<p>(Zusammenstellung, \u00dcbersetzung: Elisabeth Jungmeier)<\/p>\n","protected":false},"excerpt":{"rendered":"<p>Die deutsche Zeitung \u201aDie Welt\u2018 schreibt dazu: Inzwischen reklamieren ihn (Franz J\u00e4gerst\u00e4tter, Anm.) viele f\u00fcr sich, die Pax-Christi-Bewegung (also die Kriegsgegner), die Gegner unserer liberal-hedonistischen Gesellschaft (also die Linken), die K\u00e4mpfer f\u00fcr verfolgte Christen (also die neurechten Islamfeinde).<\/p>\n","protected":false},"author":1,"featured_media":0,"comment_status":"closed","ping_status":"closed","sticky":true,"template":"","format":"standard","meta":{"footnotes":""},"categories":[1],"tags":[],"_links":{"self":[{"href":"https:\/\/www.paxchristi.at\/index.php?rest_route=\/wp\/v2\/posts\/8563"}],"collection":[{"href":"https:\/\/www.paxchristi.at\/index.php?rest_route=\/wp\/v2\/posts"}],"about":[{"href":"https:\/\/www.paxchristi.at\/index.php?rest_route=\/wp\/v2\/types\/post"}],"author":[{"embeddable":true,"href":"https:\/\/www.paxchristi.at\/index.php?rest_route=\/wp\/v2\/users\/1"}],"replies":[{"embeddable":true,"href":"https:\/\/www.paxchristi.at\/index.php?rest_route=%2Fwp%2Fv2%2Fcomments&post=8563"}],"version-history":[{"count":14,"href":"https:\/\/www.paxchristi.at\/index.php?rest_route=\/wp\/v2\/posts\/8563\/revisions"}],"predecessor-version":[{"id":8608,"href":"https:\/\/www.paxchristi.at\/index.php?rest_route=\/wp\/v2\/posts\/8563\/revisions\/8608"}],"wp:attachment":[{"href":"https:\/\/www.paxchristi.at\/index.php?rest_route=%2Fwp%2Fv2%2Fmedia&parent=8563"}],"wp:term":[{"taxonomy":"category","embeddable":true,"href":"https:\/\/www.paxchristi.at\/index.php?rest_route=%2Fwp%2Fv2%2Fcategories&post=8563"},{"taxonomy":"post_tag","embeddable":true,"href":"https:\/\/www.paxchristi.at\/index.php?rest_route=%2Fwp%2Fv2%2Ftags&post=8563"}],"curies":[{"name":"wp","href":"https:\/\/api.w.org\/{rel}","templated":true}]}}