{"id":8751,"date":"2019-11-12T12:18:43","date_gmt":"2019-11-12T11:18:43","guid":{"rendered":"http:\/\/www.paxchristi.at\/?p=8751"},"modified":"2019-11-12T12:31:11","modified_gmt":"2019-11-12T11:31:11","slug":"hl-martin-der-soldat-der-sich-bekehrte","status":"publish","type":"post","link":"https:\/\/www.paxchristi.at\/?p=8751","title":{"rendered":"Hl. Martin &#8211; Der Soldat der sich bekehrte"},"content":{"rendered":"<p><img src=http:\/\/www.paxchristi.at\/wp-content\/uploads\/2019\/11\/Martin_von_Tours2.jpg style=float:right;margin-left=5px;>11.November \u2013 Gedenktag des Hl. Martin von Tours<\/p>\n<p>Einer der bekanntesten Heiligen der katholischen Kirche, der auch von Evangelischen, Orthodoxen, Anglikanern, Kopten und armenischen Christen verehrt wird, war zun\u00e4chst Soldat. Martin (der Name bedeutet \u201edem Kriegsgott Mars geweiht\u201c) wurde im Jahr 316\/17 im heutigen Szombathely (Steinamanger), an der Grenze zu \u00d6sterreich\/Oberwart, geboren. <!--more--><br \/>\nDer Sohn eines r\u00f6mischen Tribuns trat auf Wunsch seines Vaters in die Armee ein. Er verbrachte seine Jugend als Soldatensohn im italienischen Pavia. Schlie\u00dflich selbst Soldat geworden, diente er als Offizier in einer r\u00f6mischen Eliteeinheit. Eine Episode, ein kurzer Schl\u00fcsselmoment, machte ihn weltber\u00fchmt: Vor den Toren von Amiens zerschnitt er mit dem Schwert seinen Mantel und teilte ihn mit einem Bettler, der ohne ihn erfroren w\u00e4re. In der Nacht darauf erschien ihm Christus &#8211; in der Gestalt des Bettlers, wie um zu sagen: &#8222;Was du dem geringsten meiner Br\u00fcder getan hast, das hast du mir getan.&#8220;<br \/>\nBald darauf empfing Martin die Taufe und bat den Kaiser in Worms, aus dem Milit\u00e4rdienst ausscheiden zu d\u00fcrfen. Dieser warf ihm vor, Feigheit vor dem Feind &#8211; statt Liebe zu Gott &#8211; sei sein Motiv. Doch am Ende durfte Martin gehen. Er wurde Sch\u00fcler des ber\u00fchmten Bischof Hilarius von Portiers, empfing von ihm die Priesterweihe und gr\u00fcndete um 360 als Einsiedler im nahe gelegenen Ligug\u00e9 das erste Kloster Galliens. 372 wurde Martin Bischof von Tours. (zitiert nach ORF\/HP  u.  Kath. Kirche\/HP)<br \/>\n&#8211; Der Martinsweg von Szombathely nach Tours ist heute ein Europ\u00e4ischer Kulturweg:<br \/>\nhttp:\/\/www.pilgern.info\/martinsweg.html<\/p>\n","protected":false},"excerpt":{"rendered":"<p>11.November \u2013 Gedenktag des Hl. Martin von Tours Einer der bekanntesten Heiligen der katholischen Kirche, der auch von Evangelischen, Orthodoxen, Anglikanern, Kopten und armenischen Christen verehrt wird, war zun\u00e4chst Soldat. Martin (der Name bedeutet \u201edem Kriegsgott Mars geweiht\u201c) wurde im Jahr 316\/17 im heutigen Szombathely (Steinamanger), an der Grenze zu \u00d6sterreich\/Oberwart, geboren.<\/p>\n","protected":false},"author":1,"featured_media":0,"comment_status":"closed","ping_status":"closed","sticky":true,"template":"","format":"standard","meta":{"footnotes":""},"categories":[1],"tags":[],"_links":{"self":[{"href":"https:\/\/www.paxchristi.at\/index.php?rest_route=\/wp\/v2\/posts\/8751"}],"collection":[{"href":"https:\/\/www.paxchristi.at\/index.php?rest_route=\/wp\/v2\/posts"}],"about":[{"href":"https:\/\/www.paxchristi.at\/index.php?rest_route=\/wp\/v2\/types\/post"}],"author":[{"embeddable":true,"href":"https:\/\/www.paxchristi.at\/index.php?rest_route=\/wp\/v2\/users\/1"}],"replies":[{"embeddable":true,"href":"https:\/\/www.paxchristi.at\/index.php?rest_route=%2Fwp%2Fv2%2Fcomments&post=8751"}],"version-history":[{"count":3,"href":"https:\/\/www.paxchristi.at\/index.php?rest_route=\/wp\/v2\/posts\/8751\/revisions"}],"predecessor-version":[{"id":8755,"href":"https:\/\/www.paxchristi.at\/index.php?rest_route=\/wp\/v2\/posts\/8751\/revisions\/8755"}],"wp:attachment":[{"href":"https:\/\/www.paxchristi.at\/index.php?rest_route=%2Fwp%2Fv2%2Fmedia&parent=8751"}],"wp:term":[{"taxonomy":"category","embeddable":true,"href":"https:\/\/www.paxchristi.at\/index.php?rest_route=%2Fwp%2Fv2%2Fcategories&post=8751"},{"taxonomy":"post_tag","embeddable":true,"href":"https:\/\/www.paxchristi.at\/index.php?rest_route=%2Fwp%2Fv2%2Ftags&post=8751"}],"curies":[{"name":"wp","href":"https:\/\/api.w.org\/{rel}","templated":true}]}}