{"id":8775,"date":"2019-12-03T09:48:20","date_gmt":"2019-12-03T08:48:20","guid":{"rendered":"http:\/\/www.paxchristi.at\/?p=8775"},"modified":"2019-12-03T09:48:20","modified_gmt":"2019-12-03T08:48:20","slug":"klimanotstand-erklaerung-des-exekutivausschuss-des-oekumenischen-rates-der-kirchen","status":"publish","type":"post","link":"https:\/\/www.paxchristi.at\/?p=8775","title":{"rendered":"Klimanotstand! Erkl\u00e4rung des  Exekutivausschuss des \u00d6kumenischen Rates der Kirchen"},"content":{"rendered":"<p><img src=http:\/\/www.paxchristi.at\/wp-content\/uploads\/2019\/12\/teachers_future_web.jpg style=float:right;margin-left:4px;><br \/>\nTagung vom 20. bis 26. November 2019 in Bossey, Schweiz<\/p>\n<p>Der Exekutivausschuss<br \/>\nschlie\u00dft sich anderen religi\u00f6sen F\u00fchrungspersonen, Religionsgemeinschaften und zivilgesellschaftlichen Organisationen an und ruft gemeinsam mit diesen einen Klimanotstand aus, der eine sofortige und beispiellose Reaktion von allen \u00fcberall in der Welt erfordert \u2013 auf lokaler, nationaler und internationaler Ebene.<!--more--><br \/>\nbringt seine bittere Entt\u00e4uschung \u00fcber die unzul\u00e4nglichen und sogar r\u00fcckschrittlichen Ma\u00dfnahmen der Regierungen zum Ausdruck, die in der Antwort auf diesen Notstand eigentlich eine F\u00fchrungsrolle \u00fcbernehmen sollten; insbesondere bezieht sich diese Entt\u00e4uschung auf die Unt\u00e4tigkeit in Bezug auf die Bek\u00e4mpfung von Waldbr\u00e4nden und Abholzung, die Zerst\u00f6rung des angestammten Landes und der Existenzgrundlagen von indigenen V\u00f6lkern und die Angriffe auf Umweltaktivistinnen und -aktivisten; auf die sp\u00e4rlichen Zusagen im Pariser Klimaabkommen und auf die Ma\u00dfnahmen, die arme Bev\u00f6lkerungsgruppen noch zus\u00e4tzlich finanziell belasten.<br \/>\nruft die COP25, die vom 2. bis 13. Dezember 2019 in Madrid stattfinden wird, auf:<br \/>\n&#8211; den Grundstein zu legen f\u00fcr ehrgeizigere Zusagen in Bezug auf die Reduzierung von Treibhausgasemissionen als Teil der nationalen Klimabeitr\u00e4ge (\u201eNationally Determinded Contributions\u201c \u2013 NDCs), mit dem Ziel, bis 2050 Klimaneutralit\u00e4t zu erreichen und die globale Erw\u00e4rmung auf maximal 1,5\u00b0 C zu begrenzen;<br \/>\n&#8211; zu erreichen, dass reiche L\u00e4nder umfangreichere Zusagen machen, dass sie einkommensschwachen L\u00e4ndern ausreichend, kalkulierbare und transparente Finanzmittel zur Verf\u00fcgung stellen werden, damit diese sich an ein ver\u00e4ndertes Klima anpassen und Resilienz schaffen k\u00f6nnen;<br \/>\n&#8211; den Internationalen Mechanismus von Warschau f\u00fcr Verluste und Sch\u00e4den, die mit Klima\u00e4nderungen verbunden sind, dahingehend zu st\u00e4rken, dass dieser auch Finanzmittel zur Unterst\u00fctzung von Menschen und Gemeinschaften umfasst, die von den Auswirkungen des Klimanotstands betroffen sind; und<br \/>\n&#8211; Ma\u00dfnahmen zu f\u00f6rdern, die indigene V\u00f6lker in den UNFCCC-Prozess und dar\u00fcber hinaus einbeziehen und durch die wir von diesen V\u00f6lkern lernen k\u00f6nnen, die die Artenvielfalt st\u00e4rken, die Abholzung von W\u00e4ldern bek\u00e4mpfen, die eine Agrar\u00f6kologie f\u00f6rdern und die Kreislaufwirtschaften und redistributive Wirtschaftssysteme schaffen.<br \/>\nfordert seine Partner im System der Vereinten Nationen auf, ihre Investitionen in fossile Brennstoffe im eigenen Bankensystem und den eigenen Pensionskassen entsprechend der Ergebnisse kritischer Forschung und der von UN-Quellen ausgegebenen politischen Empfehlungen zu pr\u00fcfen und abzuziehen.<br \/>\nruft die \u00d6RK-Mitgliedskirchen, \u00f6kumenischen Partner, andere Glaubensgemeinschaften und alle Menschen guten Willens und mit einem moralischen Gewissen auf, M\u00f6glichkeiten und Wege zu finden, in unserem jeweils eigenen Kontext einen sinnvollen Beitrag zu leisten, um die schlimmsten Auswirkungen weiterer Unt\u00e4tigkeit und weiteren Hinwartens oder negativer Ma\u00dfnahmen seitens der Politik abzuwenden \u2013 und durch gemeinschaftliches Eintreten f\u00fcr Ma\u00dfnahmen zum Klimaschutz und zur Anpassung an das ver\u00e4nderte Klima, die Nichtnutzung von fossilen Brennstoffen und die Herbeif\u00fchrung eines \u201egerechten Wandels\u201c sowie durch konkretes Handeln auf lokaler Ebene \u00fcberall auf der Welt \u2013 als Gemeinschaft von Kirchen im \u00d6RK, als einzelne Kirchen, als Gemeinwesen, als Familien und als Einzelpersonen \u2013 gemeinsam eine L\u00f6sung dieser globalen Krise herbeizuf\u00fchren.<\/p>\n","protected":false},"excerpt":{"rendered":"<p>Tagung vom 20. bis 26. November 2019 in Bossey, Schweiz Der Exekutivausschuss schlie\u00dft sich anderen religi\u00f6sen F\u00fchrungspersonen, Religionsgemeinschaften und zivilgesellschaftlichen Organisationen an und ruft gemeinsam mit diesen einen Klimanotstand aus, der eine sofortige und beispiellose Reaktion von allen \u00fcberall in der Welt erfordert \u2013 auf lokaler, nationaler und internationaler Ebene.<\/p>\n","protected":false},"author":1,"featured_media":0,"comment_status":"closed","ping_status":"closed","sticky":true,"template":"","format":"standard","meta":{"footnotes":""},"categories":[1],"tags":[],"_links":{"self":[{"href":"https:\/\/www.paxchristi.at\/index.php?rest_route=\/wp\/v2\/posts\/8775"}],"collection":[{"href":"https:\/\/www.paxchristi.at\/index.php?rest_route=\/wp\/v2\/posts"}],"about":[{"href":"https:\/\/www.paxchristi.at\/index.php?rest_route=\/wp\/v2\/types\/post"}],"author":[{"embeddable":true,"href":"https:\/\/www.paxchristi.at\/index.php?rest_route=\/wp\/v2\/users\/1"}],"replies":[{"embeddable":true,"href":"https:\/\/www.paxchristi.at\/index.php?rest_route=%2Fwp%2Fv2%2Fcomments&post=8775"}],"version-history":[{"count":3,"href":"https:\/\/www.paxchristi.at\/index.php?rest_route=\/wp\/v2\/posts\/8775\/revisions"}],"predecessor-version":[{"id":8779,"href":"https:\/\/www.paxchristi.at\/index.php?rest_route=\/wp\/v2\/posts\/8775\/revisions\/8779"}],"wp:attachment":[{"href":"https:\/\/www.paxchristi.at\/index.php?rest_route=%2Fwp%2Fv2%2Fmedia&parent=8775"}],"wp:term":[{"taxonomy":"category","embeddable":true,"href":"https:\/\/www.paxchristi.at\/index.php?rest_route=%2Fwp%2Fv2%2Fcategories&post=8775"},{"taxonomy":"post_tag","embeddable":true,"href":"https:\/\/www.paxchristi.at\/index.php?rest_route=%2Fwp%2Fv2%2Ftags&post=8775"}],"curies":[{"name":"wp","href":"https:\/\/api.w.org\/{rel}","templated":true}]}}