{"id":8844,"date":"2020-02-04T19:59:34","date_gmt":"2020-02-04T18:59:34","guid":{"rendered":"http:\/\/www.paxchristi.at\/?p=8844"},"modified":"2020-02-04T20:00:41","modified_gmt":"2020-02-04T19:00:41","slug":"kirche-will-abschiebung-von-konvertiten-verhindern-orf-homepage","status":"publish","type":"post","link":"https:\/\/www.paxchristi.at\/?p=8844","title":{"rendered":"Kirche will Abschiebung von Konvertiten verhindern (ORF-Homepage)"},"content":{"rendered":"<p>2020-02-04<br \/>\nDie Di\u00f6zese Eisenstadt appelliert an die politisch Verantwortlichen in \u00d6sterreich, einen \u201egut integrierten\u201c und zum katholischen Glauben konvertierten Asylwerber aus Afghanistan nicht abzuschieben. Damit bringe man ihn in Todesgefahr.<!--more--><br \/>\nAm 2. Februar wurde Elias Shir Hasan Zafari von der Fremdenpolizei aus seinem Quartier im burgenl\u00e4ndischen Mogersdorf abgeholt und in Schubhaft genommen. Er soll noch am Dienstag abgeschoben werden. Der 29-J\u00e4hrige lebt seit vier Jahren in \u00d6sterreich und ist vor Kurzem mit seiner Taufe zum katholischen Glauben \u00fcbergetreten; seither tr\u00e4gt er den Taufnamen Elias.<br \/>\n\u201eDas k\u00f6nnte nun im Fall einer Abschiebung sein Todesurteil bedeuten\u201c, warnte der Eisenst\u00e4dter Generalvikar Martin Korpitsch in einer Aussendung. Elias sei aus Afghanistan vor den Taliban gefl\u00fcchtet, dort sei er wegen seiner Konvertierung zum Christentum \u201emassiv an Leib und Leben gef\u00e4hrdet\u201c.<br \/>\n<strong>Appell an Van der Bellen, Nehammer und Kogler<\/strong><br \/>\nIn Vertretung des Eisenst\u00e4dter Di\u00f6zesanbischofs \u00c4gidius Zsifkovics, der derzeit in Indien ist, richtete Korpitsch seinen Appell gemeinsam mit dem Morgersdorfer Pfarrer Anton Pollanz an Bundespr\u00e4sident Alexander Van der Bellen, Innenminister Karl Nehammer und Vizekanzler Werner Kogler, im Namen der Menschlichkeit humanit\u00e4res Bleiberecht anzuwenden. Korpitsch: \u201eIch bitte den Herrn Bundespr\u00e4sidenten, den Herrn Innenminister und den Herrn Vizekanzler, alles in ihrer Macht Stehende zu tun, um Elias nicht in Todesgefahr zu bringen!\u201c<br \/>\nUnterst\u00fctzung erh\u00e4lt Zafari aus der Pfarre, dem Sportverein und der Schule in Mogersdorf, die die Abschiebung des jungen Asylwerbers verhindern wollen. Der au\u00dferordentliche Einspruch beim Verfassungsgerichtshof im Asylverfahren des 29-J\u00e4hrigen sei aber an den Verwaltungsgerichtshof abgetreten worden, so seine Unterst\u00fctzer. Daher sei eine neue Eingabe notwendig, f\u00fcr die es eine Sechs-Wochen-Frist gebe. Nun bef\u00fcrchten die Unterst\u00fctzer, dass Elias abgeschoben wird bevor die Eingabe bearbeitet werden kann.<br \/>\nreligion.ORF.at\/KAP<\/p>\n","protected":false},"excerpt":{"rendered":"<p>2020-02-04 Die Di\u00f6zese Eisenstadt appelliert an die politisch Verantwortlichen in \u00d6sterreich, einen \u201egut integrierten\u201c und zum katholischen Glauben konvertierten Asylwerber aus Afghanistan nicht abzuschieben. Damit bringe man ihn in Todesgefahr.<\/p>\n","protected":false},"author":1,"featured_media":0,"comment_status":"closed","ping_status":"closed","sticky":true,"template":"","format":"standard","meta":{"footnotes":""},"categories":[1],"tags":[],"_links":{"self":[{"href":"https:\/\/www.paxchristi.at\/index.php?rest_route=\/wp\/v2\/posts\/8844"}],"collection":[{"href":"https:\/\/www.paxchristi.at\/index.php?rest_route=\/wp\/v2\/posts"}],"about":[{"href":"https:\/\/www.paxchristi.at\/index.php?rest_route=\/wp\/v2\/types\/post"}],"author":[{"embeddable":true,"href":"https:\/\/www.paxchristi.at\/index.php?rest_route=\/wp\/v2\/users\/1"}],"replies":[{"embeddable":true,"href":"https:\/\/www.paxchristi.at\/index.php?rest_route=%2Fwp%2Fv2%2Fcomments&post=8844"}],"version-history":[{"count":3,"href":"https:\/\/www.paxchristi.at\/index.php?rest_route=\/wp\/v2\/posts\/8844\/revisions"}],"predecessor-version":[{"id":8847,"href":"https:\/\/www.paxchristi.at\/index.php?rest_route=\/wp\/v2\/posts\/8844\/revisions\/8847"}],"wp:attachment":[{"href":"https:\/\/www.paxchristi.at\/index.php?rest_route=%2Fwp%2Fv2%2Fmedia&parent=8844"}],"wp:term":[{"taxonomy":"category","embeddable":true,"href":"https:\/\/www.paxchristi.at\/index.php?rest_route=%2Fwp%2Fv2%2Fcategories&post=8844"},{"taxonomy":"post_tag","embeddable":true,"href":"https:\/\/www.paxchristi.at\/index.php?rest_route=%2Fwp%2Fv2%2Ftags&post=8844"}],"curies":[{"name":"wp","href":"https:\/\/api.w.org\/{rel}","templated":true}]}}