{"id":8848,"date":"2020-02-10T14:01:30","date_gmt":"2020-02-10T13:01:30","guid":{"rendered":"http:\/\/www.paxchristi.at\/?p=8848"},"modified":"2020-02-10T14:02:39","modified_gmt":"2020-02-10T13:02:39","slug":"frieden-als-weg-der-hoffnung-dialog-versoehnung-und-oekologische-umkehr","status":"publish","type":"post","link":"https:\/\/www.paxchristi.at\/?p=8848","title":{"rendered":"Frieden als Weg der Hoffnung: Dialog, Vers\u00f6hnung und \u00f6kologische Umkehr"},"content":{"rendered":"<p><img src=http:\/\/www.paxchristi.at\/wp-content\/uploads\/2020\/02\/weltfriedenstag-innsbruck-01-01-2020_web.jpg style=float:right;margin-left=4px;>Bericht vom Gebet zum Weltfriedenstag 1.1.2020 in Innsbruck<br \/>\nSr. Christina Bl\u00e4tterbinder<br \/>\nAm 1.1.2020 fand in Innsbruck das traditionelle Gebet anl\u00e4sslich des Weltfriedenstages statt. <!--more--><br \/>\nGemeinsam mit anderen Organisationen und Gruppen der Di\u00f6zese, die sich das ganze Jahr \u00fcber stark um Frieden und Vers\u00f6hnung bem\u00fchen, waren wir Missionsschwestern, Dienerinnen des Heiligen Geistes, auch Teil des Vorbereitungsteams. Passend zur aktuellen Fridays for Future-Bewegung zum Schutz unseres Klimas haben wir die Friedensbotschaft des Papstes aufgenommen und unser Gebet unter das Motto: \u201eFrieden als Weg der Hoffnung: Dialog, Vers\u00f6hnung und \u00f6kologische Umkehr\u201c gestellt.<br \/>\nDer evangelische Superintendent Olivier Dantine stand gemeinsam mit Bischof Hermann Glettler dem Gebet vor. In seiner Predigt stellte Olivier Dantine die provokant klingende Frage, ob wir wirklich bereit sind f\u00fcr den Frieden in der Welt und ob wir ausreichend an diesen Frieden glauben. Beim Vater Unser reichten sich alle in der Kirche Anwesenden \u00fcber den Mittelgang die H\u00e4nde und gaben somit ein sch\u00f6nes Zeichen der Zusammengeh\u00f6rigkeit im gemeinsamen Beten und Arbeiten f\u00fcr den Frieden in der Welt.<br \/>\nMit dem sch\u00f6nen Aaronitischen Segen gest\u00e4rkt und nach den Kl\u00e4ngen des bekannten, ernsten aber zugleich tr\u00f6stlichen Liedes Von guten M\u00e4chten des evangelischen Theologen Dietrich Bonhoeffer, zogen wir aus der Kirche hinaus. Wir machten uns dann in einem Lichterzug mit Kerzen, Fackeln und Transparenten auf den Weg durch die Innenstadt bis zum Franziskanerplatz. Dort gab es thematische Statements zu sehr ernsten Themen wie Zivilklausel (keine R\u00fcstungsforschung an den Universit\u00e4ten) und dem R\u00fcstungsatlas Tirol (N\u00e4heres nachzulesen unter: https:\/\/ruestungsatlas.org\/).<br \/>\nF\u00fcr ein B\u00e4ckereiprojekt in Syrien ging noch ein Spendenk\u00f6rbchen durch, das am Ende mit einem namhaften Geldbetrag gef\u00fcllt war. So wurde die Hilfe f\u00fcr Menschen in den Kriegsgebieten konkret gemacht. Am Schluss unserer Kundgebung sangen wir auch heuer wieder das Lied We shall overcome, das mich pers\u00f6nlich jedes Jahr aufs Neue tief bewegt.<br \/>\nBeim Gebet in der Kirche haben wir die Stelle aus dem Lukasevangelium geh\u00f6rt, in der es hei\u00dft:<br \/>\n\u00bbDer Geist des Herrn ist auf mir, weil er mich gesalbt hat und gesandt, zu verk\u00fcndigen das Evangelium den Armen, zu predigen den Gefangenen, dass sie frei sein sollen, und den Blinden, dass sie sehen sollen, und die Zerschlagenen zu entlassen in die Freiheit und zu verk\u00fcndigen das Gnadenjahr des Herrn.\u00ab (Lk 4,18-20, Luther\u00fcbersetzung)<br \/>\nM\u00f6ge sich diese Vision aus dem Propheten Jesaja heute in den kleinen Schritten des Alltags erf\u00fcllen, because \u201cdeep in my heart, I do believe that we shall live in peace some day!\u201d<\/p>\n","protected":false},"excerpt":{"rendered":"<p>Bericht vom Gebet zum Weltfriedenstag 1.1.2020 in Innsbruck Sr. Christina Bl\u00e4tterbinder Am 1.1.2020 fand in Innsbruck das traditionelle Gebet anl\u00e4sslich des Weltfriedenstages statt.<\/p>\n","protected":false},"author":1,"featured_media":0,"comment_status":"closed","ping_status":"closed","sticky":true,"template":"","format":"standard","meta":{"footnotes":""},"categories":[1],"tags":[],"_links":{"self":[{"href":"https:\/\/www.paxchristi.at\/index.php?rest_route=\/wp\/v2\/posts\/8848"}],"collection":[{"href":"https:\/\/www.paxchristi.at\/index.php?rest_route=\/wp\/v2\/posts"}],"about":[{"href":"https:\/\/www.paxchristi.at\/index.php?rest_route=\/wp\/v2\/types\/post"}],"author":[{"embeddable":true,"href":"https:\/\/www.paxchristi.at\/index.php?rest_route=\/wp\/v2\/users\/1"}],"replies":[{"embeddable":true,"href":"https:\/\/www.paxchristi.at\/index.php?rest_route=%2Fwp%2Fv2%2Fcomments&post=8848"}],"version-history":[{"count":3,"href":"https:\/\/www.paxchristi.at\/index.php?rest_route=\/wp\/v2\/posts\/8848\/revisions"}],"predecessor-version":[{"id":8852,"href":"https:\/\/www.paxchristi.at\/index.php?rest_route=\/wp\/v2\/posts\/8848\/revisions\/8852"}],"wp:attachment":[{"href":"https:\/\/www.paxchristi.at\/index.php?rest_route=%2Fwp%2Fv2%2Fmedia&parent=8848"}],"wp:term":[{"taxonomy":"category","embeddable":true,"href":"https:\/\/www.paxchristi.at\/index.php?rest_route=%2Fwp%2Fv2%2Fcategories&post=8848"},{"taxonomy":"post_tag","embeddable":true,"href":"https:\/\/www.paxchristi.at\/index.php?rest_route=%2Fwp%2Fv2%2Ftags&post=8848"}],"curies":[{"name":"wp","href":"https:\/\/api.w.org\/{rel}","templated":true}]}}