{"id":8911,"date":"2020-03-22T19:31:06","date_gmt":"2020-03-22T18:31:06","guid":{"rendered":"http:\/\/www.paxchristi.at\/?p=8911"},"modified":"2020-03-22T19:32:28","modified_gmt":"2020-03-22T18:32:28","slug":"in-zeiten-der-pandemie-gedanken-von-mgr-marc-stenger-ko-praesident-von-pax-christi-international-bischof-von-troyes","status":"publish","type":"post","link":"https:\/\/www.paxchristi.at\/?p=8911","title":{"rendered":"In Zeiten der Pandemie Gedanken von Mgr. Marc Stenger, Ko-Pr\u00e4sident von Pax Christi International, Bischof von Troyes"},"content":{"rendered":"<p><img src=http:\/\/www.paxchristi.at\/wp-content\/uploads\/2020\/03\/stenger.png style=float:right;margin-left=4px;><\/p>\n<p>Wir sehen, dass die Pandemie, die mit der Verbreitung des Coronavirus verbunden ist, starke Auswirkungen auf viele Aspekte des Zusammenlebens der Menschen hat und als solche auch Pax Christi und die katholische Soziallehre der Kirche betrifft. Viele denken bereits an die Zeit nach der Pandemie, eine Zeit, in der alles wieder so sein wird, wie es vorher war, in der wir das, was wir aufgeschoben haben, genie\u00dfen werden, und das ist verst\u00e4ndlich. <!--more--><\/p>\n<p>Aber es ist wahrscheinlich, dass &#8211; hoffentlich &#8211; nach dieser harten Erfahrung nichts mehr so sein wird wie vorher. Wir alle m\u00fcssen \u00fcber die Zeit nach dem Koronavirus nachdenken und d\u00fcrfen nicht nur daran denken, zu unseren Routinen und Praktiken zur\u00fcckzukehren.<\/p>\n<p>Die Pandemie ist nicht nur ein gesundheitlicher Notfall. Sie beeintr\u00e4chtigt und st\u00f6rt die sozialen Strukturen und betont die vielen Schw\u00e4chen unserer Lebensweise. Der enorme Einsatz des Gesundheitspersonals kann nicht dar\u00fcber hinwegt\u00e4uschen, dass wir nicht bereit waren, uns einem so schweren Sturm zu stellen. Wir k\u00f6nnen die Unzul\u00e4nglichkeiten unseres Wirtschaftssystems ermessen, das v\u00f6llig auf dem Gewinnstreben basierte und sogar den Austausch st\u00f6rte, w\u00e4hrend diese Gesch\u00e4fte im Moment eigentlich fl\u00fcssig und einheitlich h\u00e4tten sein sollen. Nur ein Beispiel: der Engpass bei der Produktion und Lieferung von Masken, den China gl\u00fccklicherweise ausgleicht. Wir stellen fest, dass die Kritik in &#8222;Laudato Si&#8220; an einer Gesellschaft und einem System, die den Sonderinteressen den Vorzug vor dem Gemeinwohl geben, durchaus berechtigt ist.<\/p>\n<p>Es m\u00fcssen ernsthafte Fragen \u00fcber das Verh\u00e4ltnis zwischen Mensch und Natur gestellt werden. Eine Form des &#8222;Naturalismus&#8220; lie\u00df uns vergessen, dass &#8222;alles miteinander verbunden ist&#8220;, dass wir uns nicht nur mit der Natur, sondern auch mit dem Menschen besch\u00e4ftigen m\u00fcssen, dass wir das eine nicht ohne das andere retten werden, dass es notwendig ist, das Leben von Menschen zu retten und sich nicht in Praktiken zu verlieren, die keinen verantwortungsvollen Blick auf den Wert des menschlichen Lebens zeigen. Wenn diese Krise uns nicht zu einer eingehenden Gewissenspr\u00fcfung \u00fcber den Respekt voreinander, \u00fcber die Umsetzung der Beziehungen auf allen Ebenen, die nicht auf Gewalt, sondern auf Dialog und Gewaltlosigkeit beruhen, f\u00fchrt, wird sie uns nicht zu etwas Neuem dr\u00e4ngen. In dieser Hinsicht m\u00fcssen wir uns \u00fcber eine Globalisierung fragen, die den M\u00e4chtigen n\u00fctzt, aber den Schwachen Ungerechtigkeit bringt, und \u00fcber die Wahl der Gewalt, die wir unter dem tr\u00fcgerischen Vorwand der Sicherheit treffen. Wir sind Zeugen der Infragestellung universeller Modelle. Schlie\u00dflich m\u00fcssen wir den Platz, der der Spiritualit\u00e4t einger\u00e4umt wird, als Antwort auf den Anspruch der Menschheit auf &#8222;Selbstreferentialit\u00e4t&#8220;, wie Papst Franziskus sagt, neu \u00fcberdenken.<\/p>\n<p>Der 20. M\u00e4rz war der 7. Jahrestag seines Pontifikats. W\u00e4hrend dieser sieben Jahre waren seine starken Worte und seine Demut ein lebendiges Zeichen des Evangeliums in Aktion. In der Krise, die wir erleben, gibt es eine Stimme, die glaubt, die hofft, die voller Liebe und Trost f\u00fcr alle ist, besonders f\u00fcr die Schw\u00e4chsten. Er pl\u00e4diert f\u00fcr Gerechtigkeit, f\u00fcr den Respekt der Kulturen, f\u00fcr die Anerkennung des Wertes jedes Einzelnen. Und er bietet uns dieses monumentale Geschenk des &#8222;Laudato Si&#8220; an, das in der \u00c4ra nach dem Koronavirus mehr und mehr zu unserer Charta werden k\u00f6nnte.<\/p>\n<p>Mgr. Marc Stenger, Ko-Pr\u00e4sident der PCI<\/p>\n","protected":false},"excerpt":{"rendered":"<p>Wir sehen, dass die Pandemie, die mit der Verbreitung des Coronavirus verbunden ist, starke Auswirkungen auf viele Aspekte des Zusammenlebens der Menschen hat und als solche auch Pax Christi und die katholische Soziallehre der Kirche betrifft. Viele denken bereits an die Zeit nach der Pandemie, eine Zeit, in der alles wieder so sein wird, wie &hellip; <\/p>\n<p class=\"link-more\"><a href=\"https:\/\/www.paxchristi.at\/?p=8911\" class=\"more-link\"><span class=\"screen-reader-text\">\u201eIn Zeiten der Pandemie Gedanken von Mgr. Marc Stenger, Ko-Pr\u00e4sident von Pax Christi International, Bischof von Troyes\u201c<\/span> weiterlesen<\/a><\/p>\n","protected":false},"author":1,"featured_media":0,"comment_status":"closed","ping_status":"closed","sticky":true,"template":"","format":"standard","meta":{"footnotes":""},"categories":[1],"tags":[],"_links":{"self":[{"href":"https:\/\/www.paxchristi.at\/index.php?rest_route=\/wp\/v2\/posts\/8911"}],"collection":[{"href":"https:\/\/www.paxchristi.at\/index.php?rest_route=\/wp\/v2\/posts"}],"about":[{"href":"https:\/\/www.paxchristi.at\/index.php?rest_route=\/wp\/v2\/types\/post"}],"author":[{"embeddable":true,"href":"https:\/\/www.paxchristi.at\/index.php?rest_route=\/wp\/v2\/users\/1"}],"replies":[{"embeddable":true,"href":"https:\/\/www.paxchristi.at\/index.php?rest_route=%2Fwp%2Fv2%2Fcomments&post=8911"}],"version-history":[{"count":3,"href":"https:\/\/www.paxchristi.at\/index.php?rest_route=\/wp\/v2\/posts\/8911\/revisions"}],"predecessor-version":[{"id":8914,"href":"https:\/\/www.paxchristi.at\/index.php?rest_route=\/wp\/v2\/posts\/8911\/revisions\/8914"}],"wp:attachment":[{"href":"https:\/\/www.paxchristi.at\/index.php?rest_route=%2Fwp%2Fv2%2Fmedia&parent=8911"}],"wp:term":[{"taxonomy":"category","embeddable":true,"href":"https:\/\/www.paxchristi.at\/index.php?rest_route=%2Fwp%2Fv2%2Fcategories&post=8911"},{"taxonomy":"post_tag","embeddable":true,"href":"https:\/\/www.paxchristi.at\/index.php?rest_route=%2Fwp%2Fv2%2Ftags&post=8911"}],"curies":[{"name":"wp","href":"https:\/\/api.w.org\/{rel}","templated":true}]}}