{"id":9048,"date":"2020-07-15T19:41:03","date_gmt":"2020-07-15T17:41:03","guid":{"rendered":"https:\/\/www.paxchristi.at\/?p=9048"},"modified":"2020-07-16T09:28:07","modified_gmt":"2020-07-16T07:28:07","slug":"eingeschraenktes-jaegerstaetter-gedenken-am-9-august-2020-in-st-radegund-ooe","status":"publish","type":"post","link":"https:\/\/www.paxchristi.at\/?p=9048","title":{"rendered":"Eingeschr\u00e4nktes J\u00e4gerst\u00e4tter-Gedenken am 9. August 2020 in St. Radegund, O\u00d6"},"content":{"rendered":"<p>Aufgrund der Corona bedingten Einschr\u00e4nkungen wird das J\u00e4gerst\u00e4tter-Gedenken 2020 nur eint\u00e4gig und im engeren Kreis begangen. Am Sonntag, 9. August 2020 ist um 10 Uhr die Eucharistiefeier auf dem J\u00e4gerst\u00e4tterplatz, bei Regen in der Kirche.<!--more--><\/p>\n<p>Unter Einhaltung des Mindestabstandes von 1 Meter ist dort Platz f\u00fcr ca. 65 Personen. Am Nachmittag findet eine Wanderung zu den Marterln und Kreuzen von St. Radegund mit Impulsen zur Geschichte der \u00f6rtlichen Kapellen und zum Widerstand gegen die Nationalsozialisten statt. Abschlie\u00dfend gestaltet Pax Christi um 16 Uhr auf dem J\u00e4gerst\u00e4tterplatz die Andacht zur Todesstunde Franz J\u00e4gerst\u00e4tters.<br \/>\nLaut beh\u00f6rdlichen Empfehlungen sollen \u00fcberregionale Feiern mit G\u00e4sten aus anderen Regionen vermieden werden.<br \/>\nBitte um Einhaltung der angeordneten Hygienema\u00dfnahmen.\u00a0Die Teilnahme erfolgt auf eigenes Risiko.<br \/>\nInfo und Anmeldung: sozialreferat@dioezese-linz.at<\/p>\n","protected":false},"excerpt":{"rendered":"<p>Aufgrund der Corona bedingten Einschr\u00e4nkungen wird das J\u00e4gerst\u00e4tter-Gedenken 2020 nur eint\u00e4gig und im engeren Kreis begangen. Am Sonntag, 9. August 2020 ist um 10 Uhr die Eucharistiefeier auf dem J\u00e4gerst\u00e4tterplatz, bei Regen in der Kirche.<\/p>\n","protected":false},"author":1,"featured_media":0,"comment_status":"closed","ping_status":"closed","sticky":true,"template":"","format":"standard","meta":{"footnotes":""},"categories":[1],"tags":[],"_links":{"self":[{"href":"https:\/\/www.paxchristi.at\/index.php?rest_route=\/wp\/v2\/posts\/9048"}],"collection":[{"href":"https:\/\/www.paxchristi.at\/index.php?rest_route=\/wp\/v2\/posts"}],"about":[{"href":"https:\/\/www.paxchristi.at\/index.php?rest_route=\/wp\/v2\/types\/post"}],"author":[{"embeddable":true,"href":"https:\/\/www.paxchristi.at\/index.php?rest_route=\/wp\/v2\/users\/1"}],"replies":[{"embeddable":true,"href":"https:\/\/www.paxchristi.at\/index.php?rest_route=%2Fwp%2Fv2%2Fcomments&post=9048"}],"version-history":[{"count":2,"href":"https:\/\/www.paxchristi.at\/index.php?rest_route=\/wp\/v2\/posts\/9048\/revisions"}],"predecessor-version":[{"id":9051,"href":"https:\/\/www.paxchristi.at\/index.php?rest_route=\/wp\/v2\/posts\/9048\/revisions\/9051"}],"wp:attachment":[{"href":"https:\/\/www.paxchristi.at\/index.php?rest_route=%2Fwp%2Fv2%2Fmedia&parent=9048"}],"wp:term":[{"taxonomy":"category","embeddable":true,"href":"https:\/\/www.paxchristi.at\/index.php?rest_route=%2Fwp%2Fv2%2Fcategories&post=9048"},{"taxonomy":"post_tag","embeddable":true,"href":"https:\/\/www.paxchristi.at\/index.php?rest_route=%2Fwp%2Fv2%2Ftags&post=9048"}],"curies":[{"name":"wp","href":"https:\/\/api.w.org\/{rel}","templated":true}]}}