{"id":9161,"date":"2020-12-05T16:29:42","date_gmt":"2020-12-05T15:29:42","guid":{"rendered":"https:\/\/www.paxchristi.at\/?p=9161"},"modified":"2020-12-05T16:44:52","modified_gmt":"2020-12-05T15:44:52","slug":"gedaechtnisbuch-oberoesterreich","status":"publish","type":"post","link":"https:\/\/www.paxchristi.at\/?p=9161","title":{"rendered":"Ged\u00e4chtnisbuch Ober\u00f6sterreich"},"content":{"rendered":"<p><img src=https:\/\/www.paxchristi.at\/wp-content\/uploads\/2020\/12\/Gedaechtnisbuch.png style=float:right;margin-left:4px;> <strong>Das Projekt Ged\u00e4chtnisbuch O\u00d6<\/strong><br \/>\nIm November 2019 fiel im Linzer Mariendom der Startschuss f\u00fcr das Projekt Ged\u00e4chtnisbuch Ober\u00f6sterreich. Dabei handelt es sich um eine j\u00e4hrlich wachsende Sammlung von Biografien von Personen, die im Nationalsozialismus aus den verschiedensten Gr\u00fcnden verfolgt waren oder durch widerst\u00e4ndiges Handeln gegen das NS-Regime ihr Leben in Gefahr brachten.<br \/>\n<a href=\"https:\/\/www.youtube.com\/channel\/UCBfe9A-xPxG9Hpq38l9MoJg\/playlists?view_as=subscriber\" target=\"_blank\" rel=\"noopener noreferrer\">Youtube-Videos <\/a><br \/>\n<a href=\"https:\/\/www.paxchristi.at\/wp-content\/uploads\/2020\/12\/Pressetext_GBOOE_2020.pdf\" target=\"_blank\" rel=\"noopener noreferrer\">Pressetext Ged\u00e4chtnisbuch Ober\u00f6sterreich 2020<\/a><\/p>\n","protected":false},"excerpt":{"rendered":"<p>Das Projekt Ged\u00e4chtnisbuch O\u00d6 Im November 2019 fiel im Linzer Mariendom der Startschuss f\u00fcr das Projekt Ged\u00e4chtnisbuch Ober\u00f6sterreich. Dabei handelt es sich um eine j\u00e4hrlich wachsende Sammlung von Biografien von Personen, die im Nationalsozialismus aus den verschiedensten Gr\u00fcnden verfolgt waren oder durch widerst\u00e4ndiges Handeln gegen das NS-Regime ihr Leben in Gefahr brachten. Youtube-Videos Pressetext Ged\u00e4chtnisbuch &hellip; <\/p>\n<p class=\"link-more\"><a href=\"https:\/\/www.paxchristi.at\/?p=9161\" class=\"more-link\"><span class=\"screen-reader-text\">\u201eGed\u00e4chtnisbuch Ober\u00f6sterreich\u201c<\/span> weiterlesen<\/a><\/p>\n","protected":false},"author":1,"featured_media":0,"comment_status":"closed","ping_status":"closed","sticky":true,"template":"","format":"standard","meta":{"footnotes":""},"categories":[1],"tags":[],"_links":{"self":[{"href":"https:\/\/www.paxchristi.at\/index.php?rest_route=\/wp\/v2\/posts\/9161"}],"collection":[{"href":"https:\/\/www.paxchristi.at\/index.php?rest_route=\/wp\/v2\/posts"}],"about":[{"href":"https:\/\/www.paxchristi.at\/index.php?rest_route=\/wp\/v2\/types\/post"}],"author":[{"embeddable":true,"href":"https:\/\/www.paxchristi.at\/index.php?rest_route=\/wp\/v2\/users\/1"}],"replies":[{"embeddable":true,"href":"https:\/\/www.paxchristi.at\/index.php?rest_route=%2Fwp%2Fv2%2Fcomments&post=9161"}],"version-history":[{"count":4,"href":"https:\/\/www.paxchristi.at\/index.php?rest_route=\/wp\/v2\/posts\/9161\/revisions"}],"predecessor-version":[{"id":9165,"href":"https:\/\/www.paxchristi.at\/index.php?rest_route=\/wp\/v2\/posts\/9161\/revisions\/9165"}],"wp:attachment":[{"href":"https:\/\/www.paxchristi.at\/index.php?rest_route=%2Fwp%2Fv2%2Fmedia&parent=9161"}],"wp:term":[{"taxonomy":"category","embeddable":true,"href":"https:\/\/www.paxchristi.at\/index.php?rest_route=%2Fwp%2Fv2%2Fcategories&post=9161"},{"taxonomy":"post_tag","embeddable":true,"href":"https:\/\/www.paxchristi.at\/index.php?rest_route=%2Fwp%2Fv2%2Ftags&post=9161"}],"curies":[{"name":"wp","href":"https:\/\/api.w.org\/{rel}","templated":true}]}}