{"id":9363,"date":"2021-05-05T17:22:54","date_gmt":"2021-05-05T15:22:54","guid":{"rendered":"https:\/\/www.paxchristi.at\/?p=9363"},"modified":"2021-05-05T17:30:59","modified_gmt":"2021-05-05T15:30:59","slug":"2021-04-29_pax-christi-appelliert-an-die-un-wg-haeuserzerstoerung-in-ostjerusalem","status":"publish","type":"post","link":"https:\/\/www.paxchristi.at\/?p=9363","title":{"rendered":"Pax Christi appelliert an die UN wg. H\u00e4userzerst\u00f6rung in Ostjerusalem"},"content":{"rendered":"<p><img decoding=\"async\" src=\"https:\/\/www.paxchristi.at\/wp-content\/uploads\/2021\/05\/hausabriss.png\" style=float:right;margin-left:4px;>Das Haus eines an den Rollstuhl gefesselten Bewohners von Ost-Jerusalem wurde abgerissen<br \/>\n1. M\u00e4rz 2021 Bild Medizinische Hilfe f\u00fcr Pal\u00e4stina<br \/>\nQuelle: Pax Christi International<\/p>\n<p>Pax Christi International hat einen dringenden Brief an die Mitglieder der Vereinten Nationen geschickt, um sich sofort gegen Israels bevorstehende Pl\u00e4ne zur gewaltsamen Vertreibung hunderter Pal\u00e4stinenser aus ihren H\u00e4usern in Ost-Jerusalem zu wenden.<!--more--><br \/>\nDiese Familien, die w\u00e4hrend der Gr\u00fcndung des Staates Israel im Jahr 1948 von ihrem Land vertrieben wurden, wurden in die Ost-Jerusalemer Stadtteile Sheikh Jarrah und Silwan umgesiedelt. Sie sind nun davon bedroht, ihre H\u00e4user erneut zu verlieren. Nach internationalem Recht wurde Ostjerusalem 1967 von Israel illegal annektiert und wird von der internationalen Gemeinschaft als besetztes Gebiet betrachtet.<br \/>\nDer erste dieser R\u00e4umungsbefehle soll am 2. Mai 2021 vollstreckt werden und 87 Menschen, darunter viele Alte und Kinder, obdachlos machen, w\u00e4hrend eine globale Pandemie droht. Jegliche Hoffnung auf einen gerechten und nachhaltigen Frieden wird durch solche Versuche, Fakten vor Ort zu schaffen, langsam ausgeh\u00f6hlt. Pax Christi fordert die UN auf, zu verlangen, dass die R\u00e4umung und der Abriss pal\u00e4stinensischer H\u00e4user jetzt aufh\u00f6ren.<br \/>\n<a href=\"https:\/\/www.paxchristi.at\/wp-content\/uploads\/2021\/05\/2021-04-28_PCI-an-den-UN-Sicherheitsrat.pdf\" target=\"_blank\" rel=\"noopener\">Der vollst\u00e4ndige Text des Briefes an die Mitglieder des UN-Sicherheitsrates (Gesendet am 26. April 2021)<\/a><\/p>\n","protected":false},"excerpt":{"rendered":"<p>Das Haus eines an den Rollstuhl gefesselten Bewohners von Ost-Jerusalem wurde abgerissen 1. M\u00e4rz 2021 Bild Medizinische Hilfe f\u00fcr Pal\u00e4stina Quelle: Pax Christi International Pax Christi International hat einen dringenden Brief an die Mitglieder der Vereinten Nationen geschickt, um sich sofort gegen Israels bevorstehende Pl\u00e4ne zur gewaltsamen Vertreibung hunderter Pal\u00e4stinenser aus ihren H\u00e4usern in Ost-Jerusalem &hellip; <\/p>\n<p class=\"link-more\"><a href=\"https:\/\/www.paxchristi.at\/?p=9363\" class=\"more-link\"><span class=\"screen-reader-text\">\u201ePax Christi appelliert an die UN wg. H\u00e4userzerst\u00f6rung in Ostjerusalem\u201c<\/span> weiterlesen<\/a><\/p>\n","protected":false},"author":1,"featured_media":0,"comment_status":"closed","ping_status":"closed","sticky":true,"template":"","format":"standard","meta":{"footnotes":""},"categories":[1],"tags":[],"_links":{"self":[{"href":"https:\/\/www.paxchristi.at\/index.php?rest_route=\/wp\/v2\/posts\/9363"}],"collection":[{"href":"https:\/\/www.paxchristi.at\/index.php?rest_route=\/wp\/v2\/posts"}],"about":[{"href":"https:\/\/www.paxchristi.at\/index.php?rest_route=\/wp\/v2\/types\/post"}],"author":[{"embeddable":true,"href":"https:\/\/www.paxchristi.at\/index.php?rest_route=\/wp\/v2\/users\/1"}],"replies":[{"embeddable":true,"href":"https:\/\/www.paxchristi.at\/index.php?rest_route=%2Fwp%2Fv2%2Fcomments&post=9363"}],"version-history":[{"count":6,"href":"https:\/\/www.paxchristi.at\/index.php?rest_route=\/wp\/v2\/posts\/9363\/revisions"}],"predecessor-version":[{"id":9371,"href":"https:\/\/www.paxchristi.at\/index.php?rest_route=\/wp\/v2\/posts\/9363\/revisions\/9371"}],"wp:attachment":[{"href":"https:\/\/www.paxchristi.at\/index.php?rest_route=%2Fwp%2Fv2%2Fmedia&parent=9363"}],"wp:term":[{"taxonomy":"category","embeddable":true,"href":"https:\/\/www.paxchristi.at\/index.php?rest_route=%2Fwp%2Fv2%2Fcategories&post=9363"},{"taxonomy":"post_tag","embeddable":true,"href":"https:\/\/www.paxchristi.at\/index.php?rest_route=%2Fwp%2Fv2%2Ftags&post=9363"}],"curies":[{"name":"wp","href":"https:\/\/api.w.org\/{rel}","templated":true}]}}