{"id":9502,"date":"2021-08-24T22:44:10","date_gmt":"2021-08-24T20:44:10","guid":{"rendered":"https:\/\/www.paxchristi.at\/?p=9502"},"modified":"2021-08-26T10:13:23","modified_gmt":"2021-08-26T08:13:23","slug":"friedensprojekt-nahe-bethlehem-ernsthaft-bedroht","status":"publish","type":"post","link":"https:\/\/www.paxchristi.at\/?p=9502","title":{"rendered":"Friedensprojekt nahe Bethlehem ernsthaft bedroht"},"content":{"rendered":"<p><img src=https:\/\/www.paxchristi.at\/wp-content\/uploads\/2021\/08\/Daoud_Nassar_pax_web.jpeg style=float:right;margin-left:4px;><br \/>\n<em>&#8222;Wir weigern uns, Feinde zu sein !&#8220; Wie sieht das die andere Seite ?<br \/>\nWer sch\u00fctzt friedliche Pal\u00e4stinenser und ihr Eigentum? <\/em><\/p>\n<p>Auf dem Zugang zum Weinberg der Familie Nassar ist ein Felsblock, auf den sie schrieb : &#8222;Wir weigern uns Feinde zu sein&#8220; Beide Zufahrtswege zu ihrem Besitz sind vom israelischen Milit\u00e4r blockiert worden.<img src=https:\/\/www.paxchristi.at\/wp-content\/uploads\/2021\/08\/Tent_of_Nations_web.jpg style=float:right;margin-left:4px;><br \/>\nDer Vater von Daoud (David) Nassar hat das  42 Hektar gro\u00dfe Grundst\u00fcck 1916 gekauft &#8211; und was nicht so selbstverst\u00e4ndlich zu dieser Zeit gewesen ist, es ins Grundbuch eintragen lassen, sorgf\u00e4ltig f\u00fcr die Papiere gesorgt.<!--more--><\/p>\n<p>1991 erkl\u00e4rte Israel einen Teil des Grundst\u00fcckes zu Staatsland und seit dieser Zeit gibt es immer noch keinen verbindlichen Gerichtsentscheid, obwohl die Familie die Dokumente vorlegte. Mehrmals mussten sie das Grundst\u00fcck, das inzwischen von illegalen israelischen Siedlungen umgeben ist, neu vermessen lassen. Anw\u00e4lte und Neuvermessungen haben hohe Kosten verursacht, ehemalige internationale Besucher unterst\u00fctzten, keine pal\u00e4stinensische Bauernfamilie sonst k\u00f6nnte das aufbringen, das mag auch zu Neideffekten in der pal\u00e4stinensischen b\u00e4uerlichen Nachbarschaft beigetragen haben. Und trotz Vorlage aller geforderten Dokumente, gibt es immer noch keine Entscheidung des Gerichtshofes !<\/p>\n<p>Daoud Nassar maturierte an der evangelisch-lutherischen Schule in Bethlehem und sp\u00e4ter nochmals in \u00d6sterreich in Kirchdorf an der Krems. Er kehrte nach Pal\u00e4stin zur\u00fcck, studierte Betriebswirtschaft an der Universit\u00e4t in Bethlehem  1997\/)( studierte er an der Fachhochschule in Bielefeld Internationales Tourismus Managment. Im Dezember 2000 gr\u00fcndete er das internationale Begegnungszentrum auf seinem Landbesitz. Er ist verheiratet und hat drei Kinder.  ( siehe Wikipedia )<\/p>\n<p>Immer wieder gab es Vandalenakte der Siedler, wurde die Pflanzung teilweise vernichtet und unter Mithilfe internationaler Besucher wieder neu gepflanzt. Auf ihrem eigenen Grundst\u00fcck &#8211; es liegt in der Cone C &#8211; durften sie nicht bauen, keinen Brunnen graben, keine weiteren Zisternen, nicht einmal Zelte aufstellen.<br \/>\nDie Familie wohnt in einer H\u00f6hle.<\/p>\n<p>Im Mai heurigen Jahres  war der schwerste Anschlag bisher, ein Teil des Areals durch Brandlegung abgebrannt und \u00fcber 1000 Oliven und Obstb\u00e4ume neu vernichtet. Dabei wirkte israelisches Milit\u00e4r mit Bulldozern mit ! Weil willk\u00fcrlich Nassars Land als &#8222;Staatsland&#8220; betrachtet wird ! Aber diese Vandalen- und Willk\u00fcrakte, diesen Terror gibt es auch in anderen Teilen des besetzten Gebietes, \u00fcberall totale Schutzlosigkeit und Ausgeliefertsein der Siedlergewalt, die vom israelischen Milit\u00e4r noch gesch\u00fctzt und unterst\u00fctzt wird.<\/p>\n<p>So oft wird Pal\u00e4stinensern aggressives, terroristischen Verhalten vorgeworfen, in Israel sind sie absolut benachrangigte B\u00fcrger, einfache und arme Bauern, Beduinen.Wann tritt die internationale Gemeinschaft dieser erniedrigenden Behandlung entgegen, wann sprechen die Kirchen ein klares Wort?  <\/p>\n<p>Bitte die Resolution f\u00fcr den Erhalt des Tent of Nations unterzeichnen und weiterleiten: <a href=\"https:\/\/fotonna.org\/petition-save-tent-of-nations\/\" target=\"_blank\" rel=\"noopener\">petition-save-tent-of-nations<\/a><\/p>\n<p>(Text: Karl Helmreich)<\/p>\n","protected":false},"excerpt":{"rendered":"<p>&#8222;Wir weigern uns, Feinde zu sein !&#8220; Wie sieht das die andere Seite ? Wer sch\u00fctzt friedliche Pal\u00e4stinenser und ihr Eigentum? Auf dem Zugang zum Weinberg der Familie Nassar ist ein Felsblock, auf den sie schrieb : &#8222;Wir weigern uns Feinde zu sein&#8220; Beide Zufahrtswege zu ihrem Besitz sind vom israelischen Milit\u00e4r blockiert worden. Der &hellip; <\/p>\n<p class=\"link-more\"><a href=\"https:\/\/www.paxchristi.at\/?p=9502\" class=\"more-link\"><span class=\"screen-reader-text\">\u201eFriedensprojekt nahe Bethlehem ernsthaft bedroht\u201c<\/span> weiterlesen<\/a><\/p>\n","protected":false},"author":1,"featured_media":0,"comment_status":"closed","ping_status":"closed","sticky":true,"template":"","format":"standard","meta":{"footnotes":""},"categories":[1],"tags":[],"_links":{"self":[{"href":"https:\/\/www.paxchristi.at\/index.php?rest_route=\/wp\/v2\/posts\/9502"}],"collection":[{"href":"https:\/\/www.paxchristi.at\/index.php?rest_route=\/wp\/v2\/posts"}],"about":[{"href":"https:\/\/www.paxchristi.at\/index.php?rest_route=\/wp\/v2\/types\/post"}],"author":[{"embeddable":true,"href":"https:\/\/www.paxchristi.at\/index.php?rest_route=\/wp\/v2\/users\/1"}],"replies":[{"embeddable":true,"href":"https:\/\/www.paxchristi.at\/index.php?rest_route=%2Fwp%2Fv2%2Fcomments&post=9502"}],"version-history":[{"count":8,"href":"https:\/\/www.paxchristi.at\/index.php?rest_route=\/wp\/v2\/posts\/9502\/revisions"}],"predecessor-version":[{"id":9513,"href":"https:\/\/www.paxchristi.at\/index.php?rest_route=\/wp\/v2\/posts\/9502\/revisions\/9513"}],"wp:attachment":[{"href":"https:\/\/www.paxchristi.at\/index.php?rest_route=%2Fwp%2Fv2%2Fmedia&parent=9502"}],"wp:term":[{"taxonomy":"category","embeddable":true,"href":"https:\/\/www.paxchristi.at\/index.php?rest_route=%2Fwp%2Fv2%2Fcategories&post=9502"},{"taxonomy":"post_tag","embeddable":true,"href":"https:\/\/www.paxchristi.at\/index.php?rest_route=%2Fwp%2Fv2%2Ftags&post=9502"}],"curies":[{"name":"wp","href":"https:\/\/api.w.org\/{rel}","templated":true}]}}