{"id":9537,"date":"2021-09-23T18:56:35","date_gmt":"2021-09-23T16:56:35","guid":{"rendered":"https:\/\/www.paxchristi.at\/?p=9537"},"modified":"2021-09-25T12:00:53","modified_gmt":"2021-09-25T10:00:53","slug":"klimastreik-am-24-9-2021","status":"publish","type":"post","link":"https:\/\/www.paxchristi.at\/?p=9537","title":{"rendered":"Klimastreik am 24.9.2021"},"content":{"rendered":"<p><img decoding=\"async\" src=\"https:\/\/www.paxchristi.at\/wp-content\/uploads\/2021\/09\/Vorstandsmitglieder_beim_Klimastreik_web.jpg\" style=float:right;margin-left:4px;>Pax Christi \u00d6sterreich unterst\u00fctzt die Ziele des globalen Klimastreiks am 24. September 2021.<br \/>\nDer neueste UNO-Bericht bef\u00fcrchtet, dass die Klimaerw\u00e4rmung beim gegenw\u00e4rtigen Stand der Entwicklung nicht auf ein Niveau von 2\u00b0 steigen wird, wie das im Pariser Abkommen von 2015 vorgesehen ist, sondern um 2,7 \u00b0 ansteigen wird.<!--more--><br \/>\nAngesichts dieser Vorhersagen erscheint es notwendig, weitergehende Ma\u00dfnahmen zu ergreifen, um die Erderw\u00e4rmung zu drosseln und noch gr\u00f6\u00dfere Sch\u00e4den zu vermeiden.<br \/>\nDie Katastrophen dieses Sommers haben gezeigt, dass die Auswirkungen des Treibhauseffekts weltweit zu sp\u00fcren sind. Daher sind alle Menschen dazu aufgerufen, ihr Verhalten zu \u00fcberdenken und in entsprechender Weise zu handeln.<br \/>\nDie Verantwortlichen in Politik und Wirtschaft sind aufgefordert, entsprechende Ma\u00dfnahmen umzusetzen. Dazu geh\u00f6rt auch der Mut, scheinbar unpopul\u00e4re Entscheidungen zu treffen. Je sp\u00e4ter auf die Klimakrise reagiert wird, desto schwieriger wird es werden, die Erderw\u00e4rmung zu beschr\u00e4nken.<\/p>\n","protected":false},"excerpt":{"rendered":"<p>Pax Christi \u00d6sterreich unterst\u00fctzt die Ziele des globalen Klimastreiks am 24. September 2021. Der neueste UNO-Bericht bef\u00fcrchtet, dass die Klimaerw\u00e4rmung beim gegenw\u00e4rtigen Stand der Entwicklung nicht auf ein Niveau von 2\u00b0 steigen wird, wie das im Pariser Abkommen von 2015 vorgesehen ist, sondern um 2,7 \u00b0 ansteigen wird.<\/p>\n","protected":false},"author":1,"featured_media":0,"comment_status":"closed","ping_status":"closed","sticky":true,"template":"","format":"standard","meta":{"footnotes":""},"categories":[1],"tags":[],"_links":{"self":[{"href":"https:\/\/www.paxchristi.at\/index.php?rest_route=\/wp\/v2\/posts\/9537"}],"collection":[{"href":"https:\/\/www.paxchristi.at\/index.php?rest_route=\/wp\/v2\/posts"}],"about":[{"href":"https:\/\/www.paxchristi.at\/index.php?rest_route=\/wp\/v2\/types\/post"}],"author":[{"embeddable":true,"href":"https:\/\/www.paxchristi.at\/index.php?rest_route=\/wp\/v2\/users\/1"}],"replies":[{"embeddable":true,"href":"https:\/\/www.paxchristi.at\/index.php?rest_route=%2Fwp%2Fv2%2Fcomments&post=9537"}],"version-history":[{"count":3,"href":"https:\/\/www.paxchristi.at\/index.php?rest_route=\/wp\/v2\/posts\/9537\/revisions"}],"predecessor-version":[{"id":9541,"href":"https:\/\/www.paxchristi.at\/index.php?rest_route=\/wp\/v2\/posts\/9537\/revisions\/9541"}],"wp:attachment":[{"href":"https:\/\/www.paxchristi.at\/index.php?rest_route=%2Fwp%2Fv2%2Fmedia&parent=9537"}],"wp:term":[{"taxonomy":"category","embeddable":true,"href":"https:\/\/www.paxchristi.at\/index.php?rest_route=%2Fwp%2Fv2%2Fcategories&post=9537"},{"taxonomy":"post_tag","embeddable":true,"href":"https:\/\/www.paxchristi.at\/index.php?rest_route=%2Fwp%2Fv2%2Ftags&post=9537"}],"curies":[{"name":"wp","href":"https:\/\/api.w.org\/{rel}","templated":true}]}}