{"id":9542,"date":"2021-09-29T12:43:24","date_gmt":"2021-09-29T10:43:24","guid":{"rendered":"https:\/\/www.paxchristi.at\/?p=9542"},"modified":"2021-09-29T12:44:26","modified_gmt":"2021-09-29T10:44:26","slug":"taferl-wallfahrt-am-nationalfeiertag","status":"publish","type":"post","link":"https:\/\/www.paxchristi.at\/?p=9542","title":{"rendered":"Taferl \u2013 Wallfahrt am Nationalfeiertag"},"content":{"rendered":"<p><img decoding=\"async\" src=\"https:\/\/www.paxchristi.at\/wp-content\/uploads\/2021\/09\/IMG_1275-web.jpg\" style=float:right;margin-left:4px;><strong>Einladung zu Wallfahrt und Eucharistiefeier am Jahrestag der Seligsprechung Franz J\u00e4gerst\u00e4tters<\/strong><\/p>\n<p>Jung und \u00fcberzeugt<br \/>\nDer innere Weg von Sophie Scholl<\/p>\n<p>Richtberg \u2013 Taferl<br \/>\nReindlm\u00fchl, bei Altm\u00fcnster am Traunsee<\/p>\n<p>Nationalfeiertag,  Dienstag, 26. Oktober 2021<br \/>\n<!--more--><br \/>\n9.40 Treffpunkt f\u00fcr Unkundige  bei Kirche Reindlm\u00fchl<br \/>\n10.00 Beginn oberhalb der Spallmooskapelle (Richtberg 17) Die Studentin Lydia Eder f\u00fchrt uns auf den inneren Weg der faszinierende Sophie Scholl <\/p>\n<p>11.30 Eucharistiefeier mit Prof. Jozef  Niewiadomski<br \/>\nvor der Kirche auf dem Richtberg<\/p>\n<p>Bitte an warme Kleidung und Sitzauflagen f\u00fcr die B\u00e4nke vor der Kirche denken.<br \/>\nVeranstalter: Pfarrer Alfons Einsiedl mit der Gottesdienstgemeinde Reindlm\u00fchl und Erna Putz, Ohlsdorf, Tel. 0699 1179 4665<\/p>\n","protected":false},"excerpt":{"rendered":"<p>Einladung zu Wallfahrt und Eucharistiefeier am Jahrestag der Seligsprechung Franz J\u00e4gerst\u00e4tters Jung und \u00fcberzeugt Der innere Weg von Sophie Scholl Richtberg \u2013 Taferl Reindlm\u00fchl, bei Altm\u00fcnster am Traunsee Nationalfeiertag, Dienstag, 26. Oktober 2021<\/p>\n","protected":false},"author":1,"featured_media":0,"comment_status":"closed","ping_status":"closed","sticky":true,"template":"","format":"standard","meta":{"footnotes":""},"categories":[1],"tags":[],"_links":{"self":[{"href":"https:\/\/www.paxchristi.at\/index.php?rest_route=\/wp\/v2\/posts\/9542"}],"collection":[{"href":"https:\/\/www.paxchristi.at\/index.php?rest_route=\/wp\/v2\/posts"}],"about":[{"href":"https:\/\/www.paxchristi.at\/index.php?rest_route=\/wp\/v2\/types\/post"}],"author":[{"embeddable":true,"href":"https:\/\/www.paxchristi.at\/index.php?rest_route=\/wp\/v2\/users\/1"}],"replies":[{"embeddable":true,"href":"https:\/\/www.paxchristi.at\/index.php?rest_route=%2Fwp%2Fv2%2Fcomments&post=9542"}],"version-history":[{"count":2,"href":"https:\/\/www.paxchristi.at\/index.php?rest_route=\/wp\/v2\/posts\/9542\/revisions"}],"predecessor-version":[{"id":9545,"href":"https:\/\/www.paxchristi.at\/index.php?rest_route=\/wp\/v2\/posts\/9542\/revisions\/9545"}],"wp:attachment":[{"href":"https:\/\/www.paxchristi.at\/index.php?rest_route=%2Fwp%2Fv2%2Fmedia&parent=9542"}],"wp:term":[{"taxonomy":"category","embeddable":true,"href":"https:\/\/www.paxchristi.at\/index.php?rest_route=%2Fwp%2Fv2%2Fcategories&post=9542"},{"taxonomy":"post_tag","embeddable":true,"href":"https:\/\/www.paxchristi.at\/index.php?rest_route=%2Fwp%2Fv2%2Ftags&post=9542"}],"curies":[{"name":"wp","href":"https:\/\/api.w.org\/{rel}","templated":true}]}}