{"id":9617,"date":"2021-12-28T22:12:30","date_gmt":"2021-12-28T21:12:30","guid":{"rendered":"https:\/\/www.paxchristi.at\/?p=9617"},"modified":"2021-12-28T22:13:29","modified_gmt":"2021-12-28T21:13:29","slug":"pax-christi-international-zum-weltfriedenstag-der-katholischen-kirche","status":"publish","type":"post","link":"https:\/\/www.paxchristi.at\/?p=9617","title":{"rendered":"Pax Christi International zum Weltfriedenstag der Katholischen Kirche"},"content":{"rendered":"<p><img decoding=\"async\" src=\"https:\/\/www.paxchristi.at\/wp-content\/uploads\/2021\/12\/weltfriedenstag_2022-web.jpg\" style=float:right;margin-left:4px;><em>Erkl\u00e4rung von Papst Franziskus &#8211;<br \/>\nBildung, Arbeit und Dialog zwischen den Generationen als Werkzeuge zur Schaffung eines dauerhaften Friedens<\/em><\/p>\n<p>&#8222;Wie sch\u00f6n sind auf den Bergen die F\u00fc\u00dfe des Boten, der den Frieden verk\u00fcndet&#8220;<br \/>\n Jesaja 52,7<br \/>\n<!--more--><br \/>\nPapst Franziskus hat die traditionelle Botschaft zum Weltfriedenstag ver\u00f6ffentlicht, der in der katholischen Kirche am 1. Januar begangen wird. Die Botschaft f\u00fcr das Jahr 2022 unterstreicht die Bedeutung der Beziehungen zwischen den Generationen f\u00fcr den Aufbau einer Welt des dauerhaften und gerechten Friedens, insbesondere die Bedeutung von Bildung und Dialog zwischen den Generationen.<\/p>\n<p>In der Botschaft unterstreicht Papst Franziskus die Notwendigkeit eines gegenseitigen Verst\u00e4ndnisses zwischen den Generationen und eines sinnvollen, transformativen Austauschs. Er schreibt: &#8222;Dialog bedeutet, einander zuzuh\u00f6ren, unterschiedliche Ansichten zu teilen, sich zu einigen und gemeinsam zu gehen &#8230; Gro\u00dfe gesellschaftliche Herausforderungen und Friedensprozesse erfordern zwangsl\u00e4ufig einen Dialog zwischen den Bewahrern der Erinnerung &#8211; den \u00c4lteren &#8211; und denjenigen, die die Geschichte voranbringen &#8211; den Jungen&#8220;.<\/p>\n<p>Wir begr\u00fc\u00dfen diese zeitgem\u00e4\u00dfe und wichtige Botschaft zu Beginn eines neuen Jahres. Die Bildung und der Aufbau von Kapazit\u00e4ten f\u00fcr Frieden und Gewaltfreiheit sind integraler Bestandteil des Auftrags von Pax Christi International. Wir arbeiten mit Partnern in allen Regionen der Welt zusammen, um den Menschen die Wurzeln der Gewaltlosigkeit im Evangelium zu vermitteln und ihnen zu zeigen, wie sie diese in ihrem Leben, in ihren Familien, Schulen und Gemeinden in die Praxis umsetzen k\u00f6nnen. Wir bilden aktiv kommunale F\u00fchrungskr\u00e4fte aus, stellen wichtige Ressourcen zur Verf\u00fcgung und helfen dabei, F\u00e4higkeiten zur F\u00f6rderung der Gewaltfreiheit durch Bildung an der Basis zu kultivieren. Im Folgenden finden Sie einige Beispiele daf\u00fcr, wie wir uns die Botschaft des Weltfriedenstages bereits zu Herzen nehmen!<br \/>\n(https:\/\/paxchristi.net\/)<\/p>\n<p>Der Weltfriedenstag wurde erstmals 1968 von Papst Paul VI. begangen und f\u00e4llt mit dem Hochfest der Gottesmutter Maria zusammen. Die P\u00e4pste haben diesen Anlass genutzt, um Botschaften zu Themen wie Menschenrechte, wirtschaftliche Entwicklung, Diplomatie, Frieden im Heiligen Land und Globalisierung an die f\u00fchrenden Politiker der Welt zu richten.<\/p>\n","protected":false},"excerpt":{"rendered":"<p>Erkl\u00e4rung von Papst Franziskus &#8211; Bildung, Arbeit und Dialog zwischen den Generationen als Werkzeuge zur Schaffung eines dauerhaften Friedens &#8222;Wie sch\u00f6n sind auf den Bergen die F\u00fc\u00dfe des Boten, der den Frieden verk\u00fcndet&#8220; Jesaja 52,7<\/p>\n","protected":false},"author":1,"featured_media":0,"comment_status":"closed","ping_status":"closed","sticky":true,"template":"","format":"standard","meta":{"footnotes":""},"categories":[1],"tags":[],"_links":{"self":[{"href":"https:\/\/www.paxchristi.at\/index.php?rest_route=\/wp\/v2\/posts\/9617"}],"collection":[{"href":"https:\/\/www.paxchristi.at\/index.php?rest_route=\/wp\/v2\/posts"}],"about":[{"href":"https:\/\/www.paxchristi.at\/index.php?rest_route=\/wp\/v2\/types\/post"}],"author":[{"embeddable":true,"href":"https:\/\/www.paxchristi.at\/index.php?rest_route=\/wp\/v2\/users\/1"}],"replies":[{"embeddable":true,"href":"https:\/\/www.paxchristi.at\/index.php?rest_route=%2Fwp%2Fv2%2Fcomments&post=9617"}],"version-history":[{"count":4,"href":"https:\/\/www.paxchristi.at\/index.php?rest_route=\/wp\/v2\/posts\/9617\/revisions"}],"predecessor-version":[{"id":9622,"href":"https:\/\/www.paxchristi.at\/index.php?rest_route=\/wp\/v2\/posts\/9617\/revisions\/9622"}],"wp:attachment":[{"href":"https:\/\/www.paxchristi.at\/index.php?rest_route=%2Fwp%2Fv2%2Fmedia&parent=9617"}],"wp:term":[{"taxonomy":"category","embeddable":true,"href":"https:\/\/www.paxchristi.at\/index.php?rest_route=%2Fwp%2Fv2%2Fcategories&post=9617"},{"taxonomy":"post_tag","embeddable":true,"href":"https:\/\/www.paxchristi.at\/index.php?rest_route=%2Fwp%2Fv2%2Ftags&post=9617"}],"curies":[{"name":"wp","href":"https:\/\/api.w.org\/{rel}","templated":true}]}}