{"id":9740,"date":"2022-03-13T07:37:59","date_gmt":"2022-03-13T06:37:59","guid":{"rendered":"https:\/\/www.paxchristi.at\/?p=9740"},"modified":"2022-03-21T14:26:02","modified_gmt":"2022-03-21T13:26:02","slug":"gebet-um-frieden-fuer-europa","status":"publish","type":"post","link":"https:\/\/www.paxchristi.at\/?p=9740","title":{"rendered":"Gebet um Frieden"},"content":{"rendered":"<p>Besonders in Krisenzeiten kann das Gebet hilfreich sein, aus der Glaubensperspektive heraus Sorgen auszudr\u00fccken, Bitten auszusprechen und neuen Mut zu fassen &#8211; alleine oder in Gemeinschaft.<\/p>\n<p>Sie finden hier zwei M\u00f6glichkeiten daf\u00fcr: einen Gebetsvorschlag mit Elementen f\u00fcr ein Friedensgebet f\u00fcr die Ukraine und ein Friedensgebet von Bischof Hermann Glettler (u.a. zust\u00e4ndig in der \u00d6sterreichischen Bischofskonferenz f\u00fcr Pax Christi \u00d6sterreich):<\/p>\n<p><a href=\"https:\/\/www.paxchristi.at\/wp-content\/uploads\/2022\/03\/2022-03_Elemente-fuer-ein-Friedensgebet-fuer-die-Ukraine.pdf\">Elemente f\u00fcr ein Friedensgebet f\u00fcr die Ukraine<\/a><\/p>\n<p><a href=\"https:\/\/youtu.be\/by3xitlqaLc\">Friedensgebet von Bischof Hermann Glettler<\/a><\/p>\n","protected":false},"excerpt":{"rendered":"<p>Besonders in Krisenzeiten kann das Gebet hilfreich sein, aus der Glaubensperspektive heraus Sorgen auszudr\u00fccken, Bitten auszusprechen und neuen Mut zu fassen &#8211; alleine oder in Gemeinschaft. Sie finden hier zwei M\u00f6glichkeiten daf\u00fcr: einen Gebetsvorschlag mit Elementen f\u00fcr ein Friedensgebet f\u00fcr die Ukraine und ein Friedensgebet von Bischof Hermann Glettler (u.a. zust\u00e4ndig in der \u00d6sterreichischen Bischofskonferenz &hellip; <\/p>\n<p class=\"link-more\"><a href=\"https:\/\/www.paxchristi.at\/?p=9740\" class=\"more-link\"><span class=\"screen-reader-text\">\u201eGebet um Frieden\u201c<\/span> weiterlesen<\/a><\/p>\n","protected":false},"author":1,"featured_media":0,"comment_status":"closed","ping_status":"closed","sticky":true,"template":"","format":"standard","meta":{"footnotes":""},"categories":[1],"tags":[],"_links":{"self":[{"href":"https:\/\/www.paxchristi.at\/index.php?rest_route=\/wp\/v2\/posts\/9740"}],"collection":[{"href":"https:\/\/www.paxchristi.at\/index.php?rest_route=\/wp\/v2\/posts"}],"about":[{"href":"https:\/\/www.paxchristi.at\/index.php?rest_route=\/wp\/v2\/types\/post"}],"author":[{"embeddable":true,"href":"https:\/\/www.paxchristi.at\/index.php?rest_route=\/wp\/v2\/users\/1"}],"replies":[{"embeddable":true,"href":"https:\/\/www.paxchristi.at\/index.php?rest_route=%2Fwp%2Fv2%2Fcomments&post=9740"}],"version-history":[{"count":4,"href":"https:\/\/www.paxchristi.at\/index.php?rest_route=\/wp\/v2\/posts\/9740\/revisions"}],"predecessor-version":[{"id":9758,"href":"https:\/\/www.paxchristi.at\/index.php?rest_route=\/wp\/v2\/posts\/9740\/revisions\/9758"}],"wp:attachment":[{"href":"https:\/\/www.paxchristi.at\/index.php?rest_route=%2Fwp%2Fv2%2Fmedia&parent=9740"}],"wp:term":[{"taxonomy":"category","embeddable":true,"href":"https:\/\/www.paxchristi.at\/index.php?rest_route=%2Fwp%2Fv2%2Fcategories&post=9740"},{"taxonomy":"post_tag","embeddable":true,"href":"https:\/\/www.paxchristi.at\/index.php?rest_route=%2Fwp%2Fv2%2Ftags&post=9740"}],"curies":[{"name":"wp","href":"https:\/\/api.w.org\/{rel}","templated":true}]}}