{"id":9777,"date":"2022-04-28T10:08:02","date_gmt":"2022-04-28T08:08:02","guid":{"rendered":"https:\/\/www.paxchristi.at\/?p=9777"},"modified":"2022-04-28T10:08:02","modified_gmt":"2022-04-28T08:08:02","slug":"stellungnahme-der-krieg-in-der-ukraine-zwingt-zu-einer-aktualisierung-der-oesterreichischen-neutralitaet","status":"publish","type":"post","link":"https:\/\/www.paxchristi.at\/?p=9777","title":{"rendered":"Stellungnahme: Der Krieg in der Ukraine zwingt zu einer Aktualisierung der \u00f6sterreichischen Neutralit\u00e4t"},"content":{"rendered":"<p>Stellungnahme von Pax Christi \u00d6sterreich<a href=\"https:\/\/www.paxchristi.at\/wp-content\/uploads\/2022\/03\/PCOe_logo-1-jpeg.jpg\"><img decoding=\"async\" loading=\"lazy\" class=\" wp-image-9744 alignright\" src=\"https:\/\/www.paxchristi.at\/wp-content\/uploads\/2022\/03\/PCOe_logo-1-jpeg-300x182.jpg\" alt=\"\" width=\"187\" height=\"113\" srcset=\"https:\/\/www.paxchristi.at\/wp-content\/uploads\/2022\/03\/PCOe_logo-1-jpeg-300x182.jpg 300w, https:\/\/www.paxchristi.at\/wp-content\/uploads\/2022\/03\/PCOe_logo-1-jpeg-1024x622.jpg 1024w, https:\/\/www.paxchristi.at\/wp-content\/uploads\/2022\/03\/PCOe_logo-1-jpeg-768x466.jpg 768w, https:\/\/www.paxchristi.at\/wp-content\/uploads\/2022\/03\/PCOe_logo-1-jpeg.jpg 1179w\" sizes=\"(max-width: 187px) 100vw, 187px\" \/><\/a><br \/>\nLinz, 28. April 2022<\/p>\n<p><strong>Der Krieg in der Ukraine zwingt zu einer Aktualisierung der <\/strong><strong>\u00f6sterreichischen Neutralit<\/strong><strong>\u00e4t<\/strong><\/p>\n<p>Putins Angriffskrieg gegen die Ukraine best\u00e4tigt f\u00fcr Pax Christi \u00d6sterreich die Aussage von Papst Franziskus in seiner Enzyklika \u201eFratelli tutti\u201c, dass \u201eKrieg ein Versagen der Politik und der Menschheit\u201c ist. Millionen Menschen auf der Flucht, get\u00f6tete Zivilpersonen in der Ukraine, get\u00f6tete Soldaten auf beiden Seiten und ein \u00dcberma\u00df an Zerst\u00f6rungen in der ganzen Ukraine zeigen deutlich die Schrecken dieses Krieges.<!--more--> Wir bestreiten nicht das Recht der Ukraine auf Selbstverteidigung, denn der moralische Unterschied zwischen Angreifer und Verteidiger darf nicht verwischt werden. Als kirchliche Friedensbewegung wollen wir aber vor allem die langfristigen Folgen dieses Krieges in den Blick nehmen und dazu auffordern, sich nicht von diesem Krieg in jene gef\u00e4hrliche Haltung treiben zu lassen, die glaubt, nur durch milit\u00e4rische R\u00fcstung Sicherheit erreichen zu k\u00f6nnen. Schon jetzt ist beispielsweise die NATO milit\u00e4risch um ein Vielfaches st\u00e4rker als Russland ger\u00fcstet. Es ist aber die Gefahr eines Atomkrieges, die ein direktes milit\u00e4risches Eingreifen der NATO verhindert. Zurecht mahnt Papst Franziskus, dass die Zerst\u00f6rungskraft moderner Waffen den Krieg als politisches Mittel nicht mehr zul\u00e4sst.<\/p>\n<p>Auch in \u00d6sterreich gibt es Bestrebungen, die Verteidigungsausgaben deutlich zu erh\u00f6hen. Wir warnen aber davor, zu glauben, allein h\u00f6here Milit\u00e4rausgaben k\u00f6nnten unserem Land mehr Sicherheit garantieren. Setzten wir unser Vertrauen vorrangig auf milit\u00e4rische Sicherheit, m\u00fcsste unser Land der NATO beitreten. Es ist gut, dass der Gro\u00dfteil der \u00f6sterreichischen Bev\u00f6lkerung f\u00fcr ein Beibehalten der Neutralit\u00e4t eintritt. \u00d6sterreich sollte daher seine geopolitische Lage dazu nutzen, seine Neutralit\u00e4t in Form einer neuen, viel breiter aufgestellten Form der Landesverteidigung zu aktualisieren. Wirtschaftliche Landesverteidigung hei\u00dft beispielsweise, sich so rasch als m\u00f6glich von der Abh\u00e4ngigkeit vom russischen Gas zu l\u00f6sen. Das muss auch zum Schutz des Weltklimas beschleunigt angegangen werden. Landesverteidigung darf nicht auf milit\u00e4rische Mittel reduziert werden. \u00d6sterreich hat die Chance, vorbildhaft Formen der sozialen Verteidigung und des gewaltfreien Widerstands als Alternative zur milit\u00e4rischen Gewalt auszubauen und die entsprechende Ausbildung auch \u00fcber Schulen und Universit\u00e4ten als Teil der geistigen Landesverteidigung zu etablieren. Auf allen Ebenen gilt es, aktive Friedensarbeit glaubw\u00fcrdig auszubauen. Dazu geh\u00f6rt auch die Einrichtung ziviler Friedensdienste sowie eine deutliche Erh\u00f6hung der Entwicklungshilfe. Erh\u00f6hte Ausgaben f\u00fcr die Landesverteidigung sollten genau f\u00fcr diese Bereiche verwendet werden. Als neutrales Land muss \u00d6sterreich auch in der Aufnahme von Fl\u00fcchtlingen in Europa vorbildhaft vorangehen und sich die mahnenden Worte von Papst Franziskus zu Herzen nehmen, der es als \u201eRassismus\u201c brandmarkt, wenn Fl\u00fcchtlinge nach ihrer Herkunft unterschieden werden.<\/p>\n","protected":false},"excerpt":{"rendered":"<p>Stellungnahme von Pax Christi \u00d6sterreich Linz, 28. April 2022 Der Krieg in der Ukraine zwingt zu einer Aktualisierung der \u00f6sterreichischen Neutralit\u00e4t Putins Angriffskrieg gegen die Ukraine best\u00e4tigt f\u00fcr Pax Christi \u00d6sterreich die Aussage von Papst Franziskus in seiner Enzyklika \u201eFratelli tutti\u201c, dass \u201eKrieg ein Versagen der Politik und der Menschheit\u201c ist. Millionen Menschen auf der &hellip; <\/p>\n<p class=\"link-more\"><a href=\"https:\/\/www.paxchristi.at\/?p=9777\" class=\"more-link\"><span class=\"screen-reader-text\">\u201eStellungnahme: Der Krieg in der Ukraine zwingt zu einer Aktualisierung der \u00f6sterreichischen Neutralit\u00e4t\u201c<\/span> weiterlesen<\/a><\/p>\n","protected":false},"author":1,"featured_media":0,"comment_status":"closed","ping_status":"closed","sticky":true,"template":"","format":"standard","meta":{"footnotes":""},"categories":[1],"tags":[],"_links":{"self":[{"href":"https:\/\/www.paxchristi.at\/index.php?rest_route=\/wp\/v2\/posts\/9777"}],"collection":[{"href":"https:\/\/www.paxchristi.at\/index.php?rest_route=\/wp\/v2\/posts"}],"about":[{"href":"https:\/\/www.paxchristi.at\/index.php?rest_route=\/wp\/v2\/types\/post"}],"author":[{"embeddable":true,"href":"https:\/\/www.paxchristi.at\/index.php?rest_route=\/wp\/v2\/users\/1"}],"replies":[{"embeddable":true,"href":"https:\/\/www.paxchristi.at\/index.php?rest_route=%2Fwp%2Fv2%2Fcomments&post=9777"}],"version-history":[{"count":2,"href":"https:\/\/www.paxchristi.at\/index.php?rest_route=\/wp\/v2\/posts\/9777\/revisions"}],"predecessor-version":[{"id":9779,"href":"https:\/\/www.paxchristi.at\/index.php?rest_route=\/wp\/v2\/posts\/9777\/revisions\/9779"}],"wp:attachment":[{"href":"https:\/\/www.paxchristi.at\/index.php?rest_route=%2Fwp%2Fv2%2Fmedia&parent=9777"}],"wp:term":[{"taxonomy":"category","embeddable":true,"href":"https:\/\/www.paxchristi.at\/index.php?rest_route=%2Fwp%2Fv2%2Fcategories&post=9777"},{"taxonomy":"post_tag","embeddable":true,"href":"https:\/\/www.paxchristi.at\/index.php?rest_route=%2Fwp%2Fv2%2Ftags&post=9777"}],"curies":[{"name":"wp","href":"https:\/\/api.w.org\/{rel}","templated":true}]}}