{"id":9785,"date":"2022-05-11T18:32:28","date_gmt":"2022-05-11T16:32:28","guid":{"rendered":"https:\/\/www.paxchristi.at\/?p=9785"},"modified":"2022-05-11T18:32:54","modified_gmt":"2022-05-11T16:32:54","slug":"stoppt-die-nakba-jetzt","status":"publish","type":"post","link":"https:\/\/www.paxchristi.at\/?p=9785","title":{"rendered":"Stoppt die Nakba jetzt!"},"content":{"rendered":"<p><img decoding=\"async\" src=\"https:\/\/www.paxchristi.at\/wp-content\/uploads\/2022\/05\/jerusalem_soldaten-300x203.jpg\"style=float:right;margin-left:4px;>Pax Christi International<br \/>\nMarkiert den Nakba-Tag mit einem dringenden Appell:<\/p>\n<p>Im Vorfeld des Nakba-Tages am 15. Mai hat Pax Christi International einen dringenden Appell an die internationale Gemeinschaft gerichtet, die anhaltende Nakba jetzt zu beenden. Der Nakba-Tag erinnert an die Flucht von 750.000 Pal\u00e4stinensern im Jahr 1948, die vor der Gewalt geflohen sind, auf der der Staat Israel gegr\u00fcndet wurde, und deren R\u00fcckkehr verboten ist. An diesem Tag wird auch die Zerst\u00f6rung von \u00fcber 450 pal\u00e4stinensischen D\u00f6rfern, wertvollen Olivenb\u00e4umen und der Verlust von H\u00e4usern beklagt.<!--more--><\/p>\n<p>Der Schmerz und die Trag\u00f6die der Nakba dauern auch heute noch an, da die Pal\u00e4stinenser in Ost-Jerusalem, im Westjordanland und im Gazastreifen diese Realit\u00e4ten immer wieder erleben. Da pal\u00e4stinensische H\u00e4user weiterhin abgerissen oder beschlagnahmt werden und ihr Land konfisziert wird, um den Ausbau illegaler Siedlungen zu erm\u00f6glichen, sehen sich die Pal\u00e4stinenser einem nicht enden wollenden Kreislauf von Vertreibung, direkter und struktureller Gewalt und der Ausl\u00f6schung ihrer Heimat gegen\u00fcber, was eine Verletzung ihrer unver\u00e4u\u00dferlichen Menschenrechte auf Freiheit darstellt.<\/p>\n<p>Pax Christi International steht mit unseren pal\u00e4stinensischen Schwestern und Br\u00fcdern im Gedenken an die Nakba zusammen. Wir anerkennen die Wahrheit der Ereignisse und rufen die internationale Gemeinschaft zum Handeln und zur Solidarit\u00e4t auf. Dies schlie\u00dft ein:<\/p>\n<p>    Die Anerkennung der Nakba und des Rechts auf R\u00fcckkehr, insbesondere der UN-Resolution 194;<br \/>\n    die Anerkennung des Rechts der Pal\u00e4stinenser auf gewaltfreien, friedlichen Protest;<br \/>\n    die Forderung, dass allen Pal\u00e4stinensern ihre Menschenrechte zugestanden werden, wie sie in der Allgemeinen Erkl\u00e4rung der Menschenrechte und anderen internationalen und humanit\u00e4ren Gesetzen niedergelegt sind.<\/p>\n<p>Eine faire und gerechte politische L\u00f6sung ist der einzige Weg zum Frieden. Anl\u00e4sslich des Nakba-Tages fordern wir die Parteien auf, an den Verhandlungstisch zur\u00fcckzukehren und ein Friedensabkommen zu schlie\u00dfen, das die Menschenw\u00fcrde und die Rechte des pal\u00e4stinensischen und des israelischen Volkes als gleichberechtigt anerkennt und sch\u00fctzt.<\/p>\n<p>F\u00fcr weitere Informationen oder ein Interview wenden Sie sich bitte an:<\/p>\n<p>Pfarrer Paul Lansu<br \/>\nInternationales Vorstandsmitglied, PCI<br \/>\n+32 (0)475 38 21 70<br \/>\np.lansu@paxchristi.net<\/p>\n<p>\u00dcbersetzt mit www.DeepL.com\/Translator (kostenlose Version)<\/p>\n","protected":false},"excerpt":{"rendered":"<p>Pax Christi International Markiert den Nakba-Tag mit einem dringenden Appell: Im Vorfeld des Nakba-Tages am 15. Mai hat Pax Christi International einen dringenden Appell an die internationale Gemeinschaft gerichtet, die anhaltende Nakba jetzt zu beenden. Der Nakba-Tag erinnert an die Flucht von 750.000 Pal\u00e4stinensern im Jahr 1948, die vor der Gewalt geflohen sind, auf der &hellip; <\/p>\n<p class=\"link-more\"><a href=\"https:\/\/www.paxchristi.at\/?p=9785\" class=\"more-link\"><span class=\"screen-reader-text\">\u201eStoppt die Nakba jetzt!\u201c<\/span> weiterlesen<\/a><\/p>\n","protected":false},"author":1,"featured_media":0,"comment_status":"closed","ping_status":"closed","sticky":true,"template":"","format":"standard","meta":{"footnotes":""},"categories":[1],"tags":[],"_links":{"self":[{"href":"https:\/\/www.paxchristi.at\/index.php?rest_route=\/wp\/v2\/posts\/9785"}],"collection":[{"href":"https:\/\/www.paxchristi.at\/index.php?rest_route=\/wp\/v2\/posts"}],"about":[{"href":"https:\/\/www.paxchristi.at\/index.php?rest_route=\/wp\/v2\/types\/post"}],"author":[{"embeddable":true,"href":"https:\/\/www.paxchristi.at\/index.php?rest_route=\/wp\/v2\/users\/1"}],"replies":[{"embeddable":true,"href":"https:\/\/www.paxchristi.at\/index.php?rest_route=%2Fwp%2Fv2%2Fcomments&post=9785"}],"version-history":[{"count":2,"href":"https:\/\/www.paxchristi.at\/index.php?rest_route=\/wp\/v2\/posts\/9785\/revisions"}],"predecessor-version":[{"id":9788,"href":"https:\/\/www.paxchristi.at\/index.php?rest_route=\/wp\/v2\/posts\/9785\/revisions\/9788"}],"wp:attachment":[{"href":"https:\/\/www.paxchristi.at\/index.php?rest_route=%2Fwp%2Fv2%2Fmedia&parent=9785"}],"wp:term":[{"taxonomy":"category","embeddable":true,"href":"https:\/\/www.paxchristi.at\/index.php?rest_route=%2Fwp%2Fv2%2Fcategories&post=9785"},{"taxonomy":"post_tag","embeddable":true,"href":"https:\/\/www.paxchristi.at\/index.php?rest_route=%2Fwp%2Fv2%2Ftags&post=9785"}],"curies":[{"name":"wp","href":"https:\/\/api.w.org\/{rel}","templated":true}]}}