{"id":9808,"date":"2022-07-11T11:56:26","date_gmt":"2022-07-11T09:56:26","guid":{"rendered":"https:\/\/www.paxchristi.at\/?p=9808"},"modified":"2022-07-11T11:57:19","modified_gmt":"2022-07-11T09:57:19","slug":"jaegerstaetter-gedenken-am-8-und-9-august-2022","status":"publish","type":"post","link":"https:\/\/www.paxchristi.at\/?p=9808","title":{"rendered":"J\u00e4gerst\u00e4tter-Gedenken am 8. und 9. August 2022"},"content":{"rendered":"<p>Am 8.\/9. August 2022 wird in St. Radegund und Tarsdorf zum 79. Jahrestag des Todes von Franz J\u00e4gerst\u00e4tter das Internationale J\u00e4gerst\u00e4tter-Gedenken stattfinden. Den inhaltlichen Schwerpunkt bildet dieses Mal ein Vortrag von Franz Josef Tremer \u00fcber das Leben und Sterben des Kriegsdienstverweigerers P. Franz Reinisch.<br \/>\n<!--more--><br \/>\nProgramm:<\/p>\n<p><strong>Montag, 8. August 2022:<\/strong><\/p>\n<p><strong>18:00 Uhr<\/strong> Abendgebet \/ Vesper in der Kirche St. Radegund; anschlie\u00dfend \u201eSocial Evening\u201c im Gasthaus Hofbauer<\/p>\n<p>&nbsp;<\/p>\n<p><strong>Dienstag, 9. August 2022:<\/strong><\/p>\n<p><strong>09.30 Uhr<\/strong> &#8211; Pfarrheim Tarsdorf:<\/p>\n<p>\u201eBei mir bei\u00dfen die auf Granit\u201c<br \/>\nLeben und Sterben des Kriegsdienstverweigerers P. Franz Reinisch<\/p>\n<p>Referat von Franz Josef Tremer, Dokumentarfilm und Blick auf die Verbindung zu Franz Ja\u0308gersta\u0308tter und auf ihre Aktualita\u0308t heute<\/p>\n<p><strong>12.00 Uhr<\/strong> &#8211; Mittagessen im Gasthaus Romsto\u0308tter<\/p>\n<p><strong>13.30 Uhr <\/strong>&#8211; Fu\u00dfwallfahrt von Tarsdorf nach St. Radegund<\/p>\n<p><strong>16.30 Uhr<\/strong> &#8211; Andacht zur Todesstunde in der Pfarrkirche St. Radegund<\/p>\n<p>Bericht von Dr. Andreas Schmoller, Leiter des Franz &amp; Franziska Ja\u0308gersta\u0308tter Instituts der Katholischen Privat-Universita\u0308t Linz, zu einem neu gefundenen Dokument von Franz Ja\u0308gersta\u0308tter<\/p>\n<p><strong>19.30 Uhr<\/strong> &#8211; Eucharistiefeier mit Propst Johann Holzinger \/ St. Florian in der Pfarrkirche St. Radegund<br \/>\nAnschlie\u00dfend Lichterprozession zur Ja\u0308gersta\u0308tter-Grabsta\u0308tte<\/p>\n<p><a href=\"https:\/\/www.paxchristi.at\/wp-content\/uploads\/2022\/06\/Jaegerstaetter-Gedenken-2022-08_Programm_1.pdf\">Programm zum Download<\/a><\/p>\n<p>&nbsp;<\/p>\n<p>Veranstalter: Pax Christi O\u0308sterreich und Pfarre St. Radegund<br \/>\nNa\u0308here Infos und Anmeldung: office@paxchristi.at oder Tel. 0732\/7610-3253<\/p>\n","protected":false},"excerpt":{"rendered":"<p>Am 8.\/9. August 2022 wird in St. Radegund und Tarsdorf zum 79. Jahrestag des Todes von Franz J\u00e4gerst\u00e4tter das Internationale J\u00e4gerst\u00e4tter-Gedenken stattfinden. Den inhaltlichen Schwerpunkt bildet dieses Mal ein Vortrag von Franz Josef Tremer \u00fcber das Leben und Sterben des Kriegsdienstverweigerers P. Franz Reinisch.<\/p>\n","protected":false},"author":1,"featured_media":0,"comment_status":"closed","ping_status":"closed","sticky":true,"template":"","format":"standard","meta":{"footnotes":""},"categories":[1],"tags":[],"_links":{"self":[{"href":"https:\/\/www.paxchristi.at\/index.php?rest_route=\/wp\/v2\/posts\/9808"}],"collection":[{"href":"https:\/\/www.paxchristi.at\/index.php?rest_route=\/wp\/v2\/posts"}],"about":[{"href":"https:\/\/www.paxchristi.at\/index.php?rest_route=\/wp\/v2\/types\/post"}],"author":[{"embeddable":true,"href":"https:\/\/www.paxchristi.at\/index.php?rest_route=\/wp\/v2\/users\/1"}],"replies":[{"embeddable":true,"href":"https:\/\/www.paxchristi.at\/index.php?rest_route=%2Fwp%2Fv2%2Fcomments&post=9808"}],"version-history":[{"count":2,"href":"https:\/\/www.paxchristi.at\/index.php?rest_route=\/wp\/v2\/posts\/9808\/revisions"}],"predecessor-version":[{"id":9812,"href":"https:\/\/www.paxchristi.at\/index.php?rest_route=\/wp\/v2\/posts\/9808\/revisions\/9812"}],"wp:attachment":[{"href":"https:\/\/www.paxchristi.at\/index.php?rest_route=%2Fwp%2Fv2%2Fmedia&parent=9808"}],"wp:term":[{"taxonomy":"category","embeddable":true,"href":"https:\/\/www.paxchristi.at\/index.php?rest_route=%2Fwp%2Fv2%2Fcategories&post=9808"},{"taxonomy":"post_tag","embeddable":true,"href":"https:\/\/www.paxchristi.at\/index.php?rest_route=%2Fwp%2Fv2%2Ftags&post=9808"}],"curies":[{"name":"wp","href":"https:\/\/api.w.org\/{rel}","templated":true}]}}