{"id":9815,"date":"2022-07-14T15:36:09","date_gmt":"2022-07-14T13:36:09","guid":{"rendered":"https:\/\/www.paxchristi.at\/?p=9815"},"modified":"2022-07-14T15:36:09","modified_gmt":"2022-07-14T13:36:09","slug":"vorschau-70-jahr-feier-von-pax-christi-oesterreich-am-10-und-11-september-2022-in-innsbruck","status":"publish","type":"post","link":"https:\/\/www.paxchristi.at\/?p=9815","title":{"rendered":"Vorschau: 70-Jahr-Feier von Pax Christi \u00d6sterreich am 10. und 11. September 2022 in Innsbruck"},"content":{"rendered":"<p><strong><a href=\"https:\/\/www.paxchristi.at\/wp-content\/uploads\/2022\/03\/PCOe_logo-1-jpeg.jpg\"><img decoding=\"async\" loading=\"lazy\" class=\"size-medium wp-image-9744 alignright\" src=\"https:\/\/www.paxchristi.at\/wp-content\/uploads\/2022\/03\/PCOe_logo-1-jpeg-300x182.jpg\" alt=\"\" width=\"300\" height=\"182\" srcset=\"https:\/\/www.paxchristi.at\/wp-content\/uploads\/2022\/03\/PCOe_logo-1-jpeg-300x182.jpg 300w, https:\/\/www.paxchristi.at\/wp-content\/uploads\/2022\/03\/PCOe_logo-1-jpeg-1024x622.jpg 1024w, https:\/\/www.paxchristi.at\/wp-content\/uploads\/2022\/03\/PCOe_logo-1-jpeg-768x466.jpg 768w, https:\/\/www.paxchristi.at\/wp-content\/uploads\/2022\/03\/PCOe_logo-1-jpeg.jpg 1179w\" sizes=\"(max-width: 300px) 100vw, 300px\" \/><\/a>70-Jahr-Feier von Pax Christi \u00d6sterreich &#8211; Herausforderungen kirchlicher Friedensarbeit heute<\/strong><\/p>\n<p>Pax Christi feiert dieses Jahr sein 70-j\u00e4hriges Bestehen und l\u00e4dt aus diesem Anlass zu einer Feier am 10. und 11. September an den Gr\u00fcndungsort Innsbruck ein.<br \/>\nAls Festrednerin zum Thema &#8222;Herausforderungen kirchlicher Friedensarbeit heute&#8220; freuen wir uns auf <strong>Stefanie Wahl, Bundesvorsitzende von Pax Christi Deutschland<\/strong> und u.a. Mitherausgeberin des Buchs &#8222;<em>Papst Franziskus. Mensch des Frieden: Zum friedenstheologischen Profil des aktuellen Pontifikats. Freiburg: Verlag Herder<\/em>&#8222;.<br \/>\nAu\u00dferdem wird es ein <strong>\u00f6kumenisches Friedensgebet mit Bischof Hermann Glettler<\/strong> geben.<\/p>\n<p>Termin:<br \/>\nSamstag, 10.9.2022 im Stift Wilten, Innsbruck<br \/>\nSonntag, 11.9.2022 in der Theologischen Fakult\u00e4t der Universit\u00e4t Innbruck<br \/>\n<!--more--><\/p>\n<p>Programm:<\/p>\n<p><strong>Samstag, 10.9.2022<\/strong><br \/>\n<strong>Stift Wilten, Klostergasse 7, <\/strong><strong>Innsbruck:<\/strong><\/p>\n<ul>\n<li style=\"list-style-type: none;\">\n<ul>\n<li><strong>13:00 &#8211; 15:00:<\/strong> erweiterte Pr\u00e4sidiumssitzung &#8211; alle Mitglieder und FreundInnen von Pax Christi sind eingeladen<\/li>\n<li><strong>15:30:<\/strong> Festakt mit Rede von Stefanie Wahl, Bundesvorsitzende von Pax Christi Deutschland<\/li>\n<li><strong>im Anschluss:<\/strong> Agape<\/li>\n<li><strong>19:00:<\/strong> \u00f6kumenisches Friedensgebet mit Bischof Hermann Glettler<\/li>\n<li><strong>danach:<\/strong> Ausklang bei Essen und Trinken im Lokal Bierstindl, Innsbruck<\/li>\n<\/ul>\n<\/li>\n<\/ul>\n<p><strong>Sonntag, 11.9.2022<\/strong><br \/>\n<strong>Theologische Fakult\u00e4t der Universit\u00e4t Innsbruck, Seminarrum III, Karl-Rahner-Platz 1, Innsbruck<\/strong><\/p>\n<ul>\n<li><strong>9:00 &#8211; 10:45:<\/strong> Fortsetzung der erweiterten Pr\u00e4sidiumssitzung vom Vortag<\/li>\n<li><strong>11:00:<\/strong> Gottesdienst mit J\u00f3zef Niewiadomski in der Jesuitenkirche<\/li>\n<\/ul>\n<p>&nbsp;<\/p>\n<p>Um Anmeldung f\u00fcr Festakt und Abendessen wird gebeten unter <a href=\"mailto:office@paxchristi.at\">office@paxchristi.at<\/a> oder telefonisch unter 0732 7610 3254 bis Fr, 19.August.<\/p>\n<p>N\u00e4chtigung bitte selbst organisieren, z.B. bei <a href=\"https:\/\/www.booking.com\/\">booking.com<\/a>. Das Stift Wilten in der N\u00e4he des Hauptbahnhofs ist vom Zentrum aus in wenigen Minuten gut mit \u00f6ffentlichen Verkehrsmitteln erreichbar. Die Theologische Fakult\u00e4t der Universit\u00e4t Innsbruck befindet sich direkt im Zentrum.<\/p>\n","protected":false},"excerpt":{"rendered":"<p>70-Jahr-Feier von Pax Christi \u00d6sterreich &#8211; Herausforderungen kirchlicher Friedensarbeit heute Pax Christi feiert dieses Jahr sein 70-j\u00e4hriges Bestehen und l\u00e4dt aus diesem Anlass zu einer Feier am 10. und 11. September an den Gr\u00fcndungsort Innsbruck ein. Als Festrednerin zum Thema &#8222;Herausforderungen kirchlicher Friedensarbeit heute&#8220; freuen wir uns auf Stefanie Wahl, Bundesvorsitzende von Pax Christi Deutschland &hellip; <\/p>\n<p class=\"link-more\"><a href=\"https:\/\/www.paxchristi.at\/?p=9815\" class=\"more-link\"><span class=\"screen-reader-text\">\u201eVorschau: 70-Jahr-Feier von Pax Christi \u00d6sterreich am 10. und 11. September 2022 in Innsbruck\u201c<\/span> weiterlesen<\/a><\/p>\n","protected":false},"author":1,"featured_media":0,"comment_status":"closed","ping_status":"closed","sticky":true,"template":"","format":"standard","meta":{"footnotes":""},"categories":[1],"tags":[],"_links":{"self":[{"href":"https:\/\/www.paxchristi.at\/index.php?rest_route=\/wp\/v2\/posts\/9815"}],"collection":[{"href":"https:\/\/www.paxchristi.at\/index.php?rest_route=\/wp\/v2\/posts"}],"about":[{"href":"https:\/\/www.paxchristi.at\/index.php?rest_route=\/wp\/v2\/types\/post"}],"author":[{"embeddable":true,"href":"https:\/\/www.paxchristi.at\/index.php?rest_route=\/wp\/v2\/users\/1"}],"replies":[{"embeddable":true,"href":"https:\/\/www.paxchristi.at\/index.php?rest_route=%2Fwp%2Fv2%2Fcomments&post=9815"}],"version-history":[{"count":4,"href":"https:\/\/www.paxchristi.at\/index.php?rest_route=\/wp\/v2\/posts\/9815\/revisions"}],"predecessor-version":[{"id":9819,"href":"https:\/\/www.paxchristi.at\/index.php?rest_route=\/wp\/v2\/posts\/9815\/revisions\/9819"}],"wp:attachment":[{"href":"https:\/\/www.paxchristi.at\/index.php?rest_route=%2Fwp%2Fv2%2Fmedia&parent=9815"}],"wp:term":[{"taxonomy":"category","embeddable":true,"href":"https:\/\/www.paxchristi.at\/index.php?rest_route=%2Fwp%2Fv2%2Fcategories&post=9815"},{"taxonomy":"post_tag","embeddable":true,"href":"https:\/\/www.paxchristi.at\/index.php?rest_route=%2Fwp%2Fv2%2Ftags&post=9815"}],"curies":[{"name":"wp","href":"https:\/\/api.w.org\/{rel}","templated":true}]}}