{"id":9934,"date":"2023-01-09T19:09:21","date_gmt":"2023-01-09T18:09:21","guid":{"rendered":"https:\/\/www.paxchristi.at\/?p=9934"},"modified":"2023-01-26T11:05:50","modified_gmt":"2023-01-26T10:05:50","slug":"interreligioeses-gebet-zum-weltfriedenstag","status":"publish","type":"post","link":"https:\/\/www.paxchristi.at\/?p=9934","title":{"rendered":"Interreligi\u00f6ses Gebet zum Weltfriedenstag"},"content":{"rendered":"<p><a href=\"https:\/\/www.paxchristi.at\/wp-content\/uploads\/2023\/01\/image001.jpg\"><img decoding=\"async\" loading=\"lazy\" class=\"size-medium wp-image-9937 alignright\" src=\"https:\/\/www.paxchristi.at\/wp-content\/uploads\/2023\/01\/image001-300x225.jpg\" alt=\"\" width=\"300\" height=\"225\" srcset=\"https:\/\/www.paxchristi.at\/wp-content\/uploads\/2023\/01\/image001-300x225.jpg 300w, https:\/\/www.paxchristi.at\/wp-content\/uploads\/2023\/01\/image001.jpg 696w\" sizes=\"(max-width: 300px) 100vw, 300px\" \/><\/a><strong>Am 1. J\u00e4nner, dem Weltfriedenstag der katholischen Kirche, fand auf Einladung von Pax Christi Tirol ein interreligi\u00f6ses Gebet mit Sternweg zur Annas\u00e4ule und Kundgebung statt.<\/strong><\/p>\n<p>Bei der Kundgebung vor der Annas\u00e4ule wurden insgesamt 10 Statements abgegeben: von B\u00fcrgermeister Georg Willi, Bischof Hermann Glettler, Superintendent Olivier Dantine, Wolfgang Palaver (Pr\u00e4sident Pax Christi \u00d6sterreich), G\u00fcnter Lieder (Pr\u00e4sident IKG), Eydina Severi (Islamisches Forum Tirol), Max Valtingojer (Neuapostol. Kirche), Matthias Lauer (Altkathol. Kirche), Jakob Jetzinger (Verein Fl\u00fcchtlingshilfe Doro Blancke) und Klaus Heidegger (Pax Christi Tirol).<\/p>\n<p><!--more--><br \/>\n<a href=\"https:\/\/www.paxchristi.at\/wp-content\/uploads\/2023\/01\/Gedanken-Weltfriedenstag_2023_Palaver.pdf\">Statement von Wolfgang Palaver (Pr\u00e4sident Pax Christi \u00d6stereich)<\/a><br \/>\n<a href=\"https:\/\/www.paxchristi.at\/wp-content\/uploads\/2023\/01\/Gedanken-Weltfriedenstag_2023_Eydina-Severi-Islamisches-Forum.pdf\">Statement von Eydina Severi (Islamisches Forum Tirol)<\/a><br \/>\n<a href=\"https:\/\/www.paxchristi.at\/wp-content\/uploads\/2023\/01\/Dantine_Gedanken-zum-Weltfriedenstag-2023_Innsbruck.pdf\">Statement von Olivier Dantine (Superintendent, Evangelische Kirche)<\/a><br \/>\n<a href=\"https:\/\/www.paxchristi.at\/wp-content\/uploads\/2023\/01\/Gedanken-Weltfriedenstag_2023_Max-Valtingojer.pdf\">Statement von Max Valtingojer (Neuapostolische Kirche)<\/a><br \/>\n<a href=\"https:\/\/www.paxchristi.at\/wp-content\/uploads\/2023\/01\/gewaltfrei-verwandelt_heidegger.pdf\">Gedanken von Klaus Heidegger (Pax Christi Tirol)<\/a><\/p>\n<p>Dank der Spenden der ca. 80 TeilnehmerInnen konnte sowohl das Projekt von Doro Blancke als auch die Initiative SOS Balkanroute mit je \u20ac 500 unterst\u00fctzt werden. Die ORF-Sendung \u201eOrientierung&#8220; hat Petar Rosandi\u0107 und seine NGO <strong>SOS Balkanroute<\/strong>\u00a0nach Bosnien begleitet und am 04.12.2022 \u00fcber die Situation an der kroatisch-bosnischen Grenze berichtet. Hier der\u00a0<a href=\"https:\/\/www.youtube.com\/watch?v=ejRMu4vEfFU\" target=\"_blank\" rel=\"noopener noreferrer\">Link zur Reportage<\/a>.<\/p>\n<p><strong>Doro Blancke<\/strong>\u00a0und ihr Team auf Lesbos berichten regelm\u00e4\u00dfig \u00fcber die illegalen Pushbacks in den Gew\u00e4ssern der \u00c4g\u00e4is, z.B. im Blog-Eintrag\u00a0<a href=\"https:\/\/doroblancke.at\/welcome-to-europe\/\" target=\"_blank\" rel=\"noopener noreferrer\">Willkommen in Europa<\/a>.<\/p>\n","protected":false},"excerpt":{"rendered":"<p>Am 1. J\u00e4nner, dem Weltfriedenstag der katholischen Kirche, fand auf Einladung von Pax Christi Tirol ein interreligi\u00f6ses Gebet mit Sternweg zur Annas\u00e4ule und Kundgebung statt. Bei der Kundgebung vor der Annas\u00e4ule wurden insgesamt 10 Statements abgegeben: von B\u00fcrgermeister Georg Willi, Bischof Hermann Glettler, Superintendent Olivier Dantine, Wolfgang Palaver (Pr\u00e4sident Pax Christi \u00d6sterreich), G\u00fcnter Lieder (Pr\u00e4sident &hellip; <\/p>\n<p class=\"link-more\"><a href=\"https:\/\/www.paxchristi.at\/?p=9934\" class=\"more-link\"><span class=\"screen-reader-text\">\u201eInterreligi\u00f6ses Gebet zum Weltfriedenstag\u201c<\/span> weiterlesen<\/a><\/p>\n","protected":false},"author":1,"featured_media":0,"comment_status":"closed","ping_status":"closed","sticky":true,"template":"","format":"standard","meta":{"footnotes":""},"categories":[],"tags":[],"_links":{"self":[{"href":"https:\/\/www.paxchristi.at\/index.php?rest_route=\/wp\/v2\/posts\/9934"}],"collection":[{"href":"https:\/\/www.paxchristi.at\/index.php?rest_route=\/wp\/v2\/posts"}],"about":[{"href":"https:\/\/www.paxchristi.at\/index.php?rest_route=\/wp\/v2\/types\/post"}],"author":[{"embeddable":true,"href":"https:\/\/www.paxchristi.at\/index.php?rest_route=\/wp\/v2\/users\/1"}],"replies":[{"embeddable":true,"href":"https:\/\/www.paxchristi.at\/index.php?rest_route=%2Fwp%2Fv2%2Fcomments&post=9934"}],"version-history":[{"count":6,"href":"https:\/\/www.paxchristi.at\/index.php?rest_route=\/wp\/v2\/posts\/9934\/revisions"}],"predecessor-version":[{"id":9968,"href":"https:\/\/www.paxchristi.at\/index.php?rest_route=\/wp\/v2\/posts\/9934\/revisions\/9968"}],"wp:attachment":[{"href":"https:\/\/www.paxchristi.at\/index.php?rest_route=%2Fwp%2Fv2%2Fmedia&parent=9934"}],"wp:term":[{"taxonomy":"category","embeddable":true,"href":"https:\/\/www.paxchristi.at\/index.php?rest_route=%2Fwp%2Fv2%2Fcategories&post=9934"},{"taxonomy":"post_tag","embeddable":true,"href":"https:\/\/www.paxchristi.at\/index.php?rest_route=%2Fwp%2Fv2%2Ftags&post=9934"}],"curies":[{"name":"wp","href":"https:\/\/api.w.org\/{rel}","templated":true}]}}