{"id":9984,"date":"2023-02-16T16:08:27","date_gmt":"2023-02-16T15:08:27","guid":{"rendered":"https:\/\/www.paxchristi.at\/?p=9984"},"modified":"2023-02-16T16:08:27","modified_gmt":"2023-02-16T15:08:27","slug":"generalversammlung-mit-studientag-von-pax-christi-am-17-und-18-maerz-2023-in-linz","status":"publish","type":"post","link":"https:\/\/www.paxchristi.at\/?p=9984","title":{"rendered":"Generalversammlung mit Studientag von Pax Christi am 17. und 18. M\u00e4rz 2023 in Linz"},"content":{"rendered":"<p><strong><a href=\"https:\/\/www.paxchristi.at\/wp-content\/uploads\/2022\/03\/PCOe_logo-1-jpeg.jpg\"><img decoding=\"async\" loading=\"lazy\" class=\"size-medium wp-image-9744 alignright\" src=\"https:\/\/www.paxchristi.at\/wp-content\/uploads\/2022\/03\/PCOe_logo-1-jpeg-300x182.jpg\" alt=\"\" width=\"300\" height=\"182\" srcset=\"https:\/\/www.paxchristi.at\/wp-content\/uploads\/2022\/03\/PCOe_logo-1-jpeg-300x182.jpg 300w, https:\/\/www.paxchristi.at\/wp-content\/uploads\/2022\/03\/PCOe_logo-1-jpeg-1024x622.jpg 1024w, https:\/\/www.paxchristi.at\/wp-content\/uploads\/2022\/03\/PCOe_logo-1-jpeg-768x466.jpg 768w, https:\/\/www.paxchristi.at\/wp-content\/uploads\/2022\/03\/PCOe_logo-1-jpeg.jpg 1179w\" sizes=\"(max-width: 300px) 100vw, 300px\" \/><\/a>Von Freitag, 17. M\u00e4rz bis Samstag, 18. M\u00e4rz 2023 findet die diesj\u00e4hrige Generalversammlung mit Studientag von Pax Christi \u00d6sterreich im Priesterseminar Linz statt. Der Studientag am Samstag widmet sich dem Thema &#8222;Friedensethik 60 Jahre nach Pacem in terris&#8220;.<\/strong><!--more--><\/p>\n<p>Am <strong>Freitag <\/strong>sind ab 14 Uhr alle Mitglieder und Interessierten zum Sitzungsteil der GV eingeladen, um sich \u00fcber die Friedensarbeit und Neuigkeiten von Pax Christi auszutauschen.<\/p>\n<p>Besonders einladen wollen wir zum Studientag am <strong>Samstag <\/strong>von 9 bis 17 Uhr. F\u00fcnf Referent:innen pr\u00e4sentieren uns ihre Zug\u00e4nge zum Thema &#8222;<strong>Friedensethik 60 Jahre nach Pacem in terris<\/strong>&#8220; und regen zum Weiterdenken sowie Diskutieren an. Die Impulse kommen von Wolfgang Palaver, Lucia G\u00f6besberger, Severin Renoldner, Klaus Heidegger und Martin Senn.<\/p>\n<p>Um\u00a0<strong>Anmeldung bis 26. Februar 2023<\/strong>\u00a0unter\u00a0<a href=\"mailto:office@paxchristi.at\" rel=\"noreferrer\">office@paxchristi.at<\/a> wird gebeten. Bitte bei der Anmeldung angeben, an welchen Tagen Sie teilnehmen wollen und ob eine \u00dcbernachtungsm\u00f6glichkeit im Priesterseminar ben\u00f6tigt wird.<\/p>\n<p><a href=\"https:\/\/www.paxchristi.at\/wp-content\/uploads\/2023\/02\/GV-PCOe-2023_Linz_Einladung-und-TO.pdf\">Programm und Tagesordnung<\/a><\/p>\n<p><a href=\"https:\/\/www.paxchristi.at\/wp-content\/uploads\/2023\/02\/Plakat_Studientag_2023.pdf\">Plakat f\u00fcr Studientag<\/a><\/p>\n","protected":false},"excerpt":{"rendered":"<p>Von Freitag, 17. M\u00e4rz bis Samstag, 18. M\u00e4rz 2023 findet die diesj\u00e4hrige Generalversammlung mit Studientag von Pax Christi \u00d6sterreich im Priesterseminar Linz statt. Der Studientag am Samstag widmet sich dem Thema &#8222;Friedensethik 60 Jahre nach Pacem in terris&#8220;.<\/p>\n","protected":false},"author":1,"featured_media":0,"comment_status":"closed","ping_status":"closed","sticky":true,"template":"","format":"standard","meta":{"footnotes":""},"categories":[],"tags":[],"_links":{"self":[{"href":"https:\/\/www.paxchristi.at\/index.php?rest_route=\/wp\/v2\/posts\/9984"}],"collection":[{"href":"https:\/\/www.paxchristi.at\/index.php?rest_route=\/wp\/v2\/posts"}],"about":[{"href":"https:\/\/www.paxchristi.at\/index.php?rest_route=\/wp\/v2\/types\/post"}],"author":[{"embeddable":true,"href":"https:\/\/www.paxchristi.at\/index.php?rest_route=\/wp\/v2\/users\/1"}],"replies":[{"embeddable":true,"href":"https:\/\/www.paxchristi.at\/index.php?rest_route=%2Fwp%2Fv2%2Fcomments&post=9984"}],"version-history":[{"count":1,"href":"https:\/\/www.paxchristi.at\/index.php?rest_route=\/wp\/v2\/posts\/9984\/revisions"}],"predecessor-version":[{"id":9987,"href":"https:\/\/www.paxchristi.at\/index.php?rest_route=\/wp\/v2\/posts\/9984\/revisions\/9987"}],"wp:attachment":[{"href":"https:\/\/www.paxchristi.at\/index.php?rest_route=%2Fwp%2Fv2%2Fmedia&parent=9984"}],"wp:term":[{"taxonomy":"category","embeddable":true,"href":"https:\/\/www.paxchristi.at\/index.php?rest_route=%2Fwp%2Fv2%2Fcategories&post=9984"},{"taxonomy":"post_tag","embeddable":true,"href":"https:\/\/www.paxchristi.at\/index.php?rest_route=%2Fwp%2Fv2%2Ftags&post=9984"}],"curies":[{"name":"wp","href":"https:\/\/api.w.org\/{rel}","templated":true}]}}